{"id":14604,"date":"2011-01-07T16:13:54","date_gmt":"2011-01-07T15:13:54","guid":{"rendered":"http:\/\/df-nyt.dk\/?p=14604"},"modified":"2025-06-24T09:57:15","modified_gmt":"2025-06-24T07:57:15","slug":"14604","status":"publish","type":"post","link":"https:\/\/df-nyt.dk\/blog\/14604\/","title":{"rendered":"V\u00e6lgerne st\u00f8tter efterl\u00f8ns-partier"},"content":{"rendered":"<p><img loading=\"lazy\" decoding=\"async\" class=\"alignleft size-full \" title=\"070120111610\" src=\"https:\/\/df-nyt.dk\/blog\/wp-content\/uploads\/070120111610.png\" alt=\"\" width=\"138\" height=\"95\" \/><br \/>\nTo meningsm\u00e5linger viser nu klart flertal til r\u00f8d blok, mens VKO-blokken g\u00e5r markant tilbage. Skriver Dansk Metal i sin pressemeddelelse<\/p>\n<p>&#8211; Og Dansk Metal forts\u00e6tter<br \/>\nMetal gl\u00e6der sig over det, og h\u00e5ber, at det f\u00e5r regeringen til at l\u00e6gge efterl\u00f8nsreformen m\u00f8ddingen. &#8220;S stormer frem &#8211; markant flertal til r\u00f8d blok&#8221;<\/p>\n<p>&#8220;Konservative i historisk nedsmeltning&#8221;<br \/>\nS\u00e5dan lyder overskrifterne p\u00e5 to meningsm\u00e5linger, der offentligg\u00f8res i dag.<\/p>\n<p>F\u00e6lles for begge m\u00e5lingerne er, at de er lavet efter regeringen offentliggjorde sine planer om at afskaffe efterl\u00f8nnen, og f\u00e6lles er ogs\u00e5, at de partier, der afviser regeringens plan, bliver markant styrket.<\/p>\n<p>M\u00e5lingerne v\u00e6kker gl\u00e6de hos Dansk Metal:<br \/>\n&#8211; Det er utrolig gl\u00e6deligt, at der er s\u00e5 markant opbakning til de efterl\u00f8nsvenlige partier, siger Metals n\u00e6stformand, Claus Jensen.<\/p>\n<p>Han h\u00e6fter sig ved, at Socialdemokraterne &#8211; der meget klart har sl\u00e5et fast, at de ikke vil v\u00e6re med til at afskaffe efterl\u00f8nnen &#8211; bliver markant styrket, og i Gallups m\u00e5ling f\u00e5r tilslutning fra 31,3 pct. af v\u00e6lgerne. Kilde: \/\/www.danskmetal.dk:80\/Nyheder%20og%20presse\/Nyheder\/2011\/Januar\/Vaelgerne%20stoetter%20efterloenspartier.aspx&#8221;  Dansk Metal<\/p>\n<p>Se statistikkerne og &#8230;<br \/>\n\/\/www.danskmetal.dk:80\/Nyheder%20og%20presse\/Nyheder\/2011\/Januar\/Vaelgerne%20stoetter%20efterloenspartier.aspx&#8221;><br \/>\nL\u00e6s mere p\u00e5 Dansk Metals hjemmeside &#8230; DER <\/p>\n<p><a href=\"http:\/\/df-nyt.dk\/?p=14465\">Se mere om efterl\u00f8n &#8230; HER<\/a><\/p>\n","protected":false},"excerpt":{"rendered":"<p>To meningsm\u00e5linger viser nu klart flertal til r\u00f8d blok, mens VKO-blokken g\u00e5r markant tilbage. Skriver Dansk Metal i sin pressemeddelelse &#8211; Og Dansk Metal forts\u00e6tter Metal gl\u00e6der sig over det, og h\u00e5ber, at det f\u00e5r regeringen til at l\u00e6gge efterl\u00f8nsreformen m\u00f8ddingen. &#8220;S stormer frem &#8211; markant flertal til r\u00f8d blok&#8221; &#8220;Konservative i historisk nedsmeltning&#8221; S\u00e5dan [&hellip;]<\/p>\n","protected":false},"author":10,"featured_media":0,"comment_status":"open","ping_status":"closed","sticky":false,"template":"","format":"standard","meta":{"footnotes":""},"categories":[1],"tags":[],"class_list":["post-14604","post","type-post","status-publish","format-standard","hentry","category-df-nyt-dk"],"_links":{"self":[{"href":"https:\/\/df-nyt.dk\/blog\/wp-json\/wp\/v2\/posts\/14604","targetHints":{"allow":["GET"]}}],"collection":[{"href":"https:\/\/df-nyt.dk\/blog\/wp-json\/wp\/v2\/posts"}],"about":[{"href":"https:\/\/df-nyt.dk\/blog\/wp-json\/wp\/v2\/types\/post"}],"author":[{"embeddable":true,"href":"https:\/\/df-nyt.dk\/blog\/wp-json\/wp\/v2\/users\/10"}],"replies":[{"embeddable":true,"href":"https:\/\/df-nyt.dk\/blog\/wp-json\/wp\/v2\/comments?post=14604"}],"version-history":[{"count":7,"href":"https:\/\/df-nyt.dk\/blog\/wp-json\/wp\/v2\/posts\/14604\/revisions"}],"predecessor-version":[{"id":108186,"href":"https:\/\/df-nyt.dk\/blog\/wp-json\/wp\/v2\/posts\/14604\/revisions\/108186"}],"wp:attachment":[{"href":"https:\/\/df-nyt.dk\/blog\/wp-json\/wp\/v2\/media?parent=14604"}],"wp:term":[{"taxonomy":"category","embeddable":true,"href":"https:\/\/df-nyt.dk\/blog\/wp-json\/wp\/v2\/categories?post=14604"},{"taxonomy":"post_tag","embeddable":true,"href":"https:\/\/df-nyt.dk\/blog\/wp-json\/wp\/v2\/tags?post=14604"}],"curies":[{"name":"wp","href":"https:\/\/api.w.org\/{rel}","templated":true}]}}