{"id":14612,"date":"2011-01-07T16:32:04","date_gmt":"2011-01-07T15:32:04","guid":{"rendered":"http:\/\/df-nyt.dk\/?p=14612"},"modified":"2023-02-14T15:21:08","modified_gmt":"2023-02-14T14:21:08","slug":"abent-brev-til-ole-sohn","status":"publish","type":"post","link":"https:\/\/df-nyt.dk\/blog\/abent-brev-til-ole-sohn\/","title":{"rendered":"\u00c5bent brev til Ole Sohn"},"content":{"rendered":"<p><a href=\"https:\/\/df-nyt.dk\/blog\/wp-content\/uploads\/070120111628.png\"><img loading=\"lazy\" decoding=\"async\" class=\"alignleft size-full wp-image-14613\" title=\"070120111628\" src=\"https:\/\/df-nyt.dk\/blog\/wp-content\/uploads\/070120111628.png\" alt=\"\" width=\"213\" height=\"180\" \/><\/a><\/p>\n<p>K\u00e6re Ole Sohn,<br \/>\nTillad mig at sende dig en forsinket anerkendelse af din kommentar til, at SF er g\u00e5et tydeligt tilbage i meningsm\u00e5lingerne:<\/p>\n<p>Nemlig at det skyldes rodet med reaktionen i sagen om et pointsystem for familiesammenf\u00f8ring.<\/p>\n<p>Det er altid rart med en politiker, der kalder en spade for en spade.<\/p>\n<p>Men tag nu og l\u00e6r af den her ogs\u00e5, ikke?<\/p>\n<p>Spindoktoren har ikke altid ret og is\u00e6r ikke om de store bev\u00e6gelser i baglandet og folkedybet, hvilket bl.a. skyldes, at hin m\/k sj\u00e6ldent er uden for Christiansborg, og at vedkommende tror p\u00e5 det forvr\u00f8vlede slogan om, at moderne politik kun er kommunikation, s\u00e5 man ser det som vigtig strategi, hvis Mogens Lykketoft l\u00e6gger brillerne &#8230;<\/p>\n<p>En \u00e6gte og erfaren politolog kunne forl\u00e6ngst have fortalt jer, at der ikke alene p\u00e5 h\u00f8jrefl\u00f8jen men ogs\u00e5 p\u00e5 venstrefl\u00f8jen fandtes store grupper, der mere og mere l\u00e6ngtedes efter en \u00bbNok-er-nok-reaktion\u00ab frem for \u00bbSass-doktrinens\u00ab evindelige \u00bbLuk flanken til DF ved at fodre svinehunden en lille smule mindre end dem\u00ab.<\/p>\n<p>Skriver Claus Piculell p\u00e5 <a href=\"http:\/\/p77.dk\/p77-blogs\/piculell\/380-abent-brev-til-ole-sohn\"><span style=\"text-decoration: underline;\">Netavisen, P77.dk  <\/span><\/a> <\/p>\n<p><a href=\"http:\/\/p77.dk\/p77-blogs\/piculell\/380-abent-brev-til-ole-sohn\"><span style=\"text-decoration: underline;\">L\u00e6s mere &#8230;HER <\/span><\/a> <\/p>\n<p>For yderlig l\u00e6sninbg.<\/p>\n<p><a href=\"http:\/\/df-nyt.dk\/?p=13983\"><span style=\"text-decoration: underline;\">Ralf Pittelkow, \u2018Den venstreorienterede samfundsdebat er i dag pr\u00e6get af intellektuel armod\u2019<\/span><\/a> <\/p>\n","protected":false},"excerpt":{"rendered":"<p>K\u00e6re Ole Sohn, Tillad mig at sende dig en forsinket anerkendelse af din kommentar til, at SF er g\u00e5et tydeligt tilbage i meningsm\u00e5lingerne: Nemlig at det skyldes rodet med reaktionen i sagen om et pointsystem for familiesammenf\u00f8ring. Det er altid rart med en politiker, der kalder en spade for en spade. Men tag nu og [&hellip;]<\/p>\n","protected":false},"author":10,"featured_media":0,"comment_status":"open","ping_status":"closed","sticky":false,"template":"","format":"standard","meta":{"footnotes":""},"categories":[1],"tags":[],"class_list":["post-14612","post","type-post","status-publish","format-standard","hentry","category-df-nyt-dk"],"_links":{"self":[{"href":"https:\/\/df-nyt.dk\/blog\/wp-json\/wp\/v2\/posts\/14612","targetHints":{"allow":["GET"]}}],"collection":[{"href":"https:\/\/df-nyt.dk\/blog\/wp-json\/wp\/v2\/posts"}],"about":[{"href":"https:\/\/df-nyt.dk\/blog\/wp-json\/wp\/v2\/types\/post"}],"author":[{"embeddable":true,"href":"https:\/\/df-nyt.dk\/blog\/wp-json\/wp\/v2\/users\/10"}],"replies":[{"embeddable":true,"href":"https:\/\/df-nyt.dk\/blog\/wp-json\/wp\/v2\/comments?post=14612"}],"version-history":[{"count":4,"href":"https:\/\/df-nyt.dk\/blog\/wp-json\/wp\/v2\/posts\/14612\/revisions"}],"predecessor-version":[{"id":99088,"href":"https:\/\/df-nyt.dk\/blog\/wp-json\/wp\/v2\/posts\/14612\/revisions\/99088"}],"wp:attachment":[{"href":"https:\/\/df-nyt.dk\/blog\/wp-json\/wp\/v2\/media?parent=14612"}],"wp:term":[{"taxonomy":"category","embeddable":true,"href":"https:\/\/df-nyt.dk\/blog\/wp-json\/wp\/v2\/categories?post=14612"},{"taxonomy":"post_tag","embeddable":true,"href":"https:\/\/df-nyt.dk\/blog\/wp-json\/wp\/v2\/tags?post=14612"}],"curies":[{"name":"wp","href":"https:\/\/api.w.org\/{rel}","templated":true}]}}