{"id":14633,"date":"2011-01-08T10:38:21","date_gmt":"2011-01-08T09:38:21","guid":{"rendered":"http:\/\/df-nyt.dk\/?p=14633"},"modified":"2024-09-16T20:31:34","modified_gmt":"2024-09-16T18:31:34","slug":"politiske-kommentatorer-er-til-grin","status":"publish","type":"post","link":"https:\/\/df-nyt.dk\/blog\/politiske-kommentatorer-er-til-grin\/","title":{"rendered":"Politiske kommentatorer er til grin !!!"},"content":{"rendered":"<p><img loading=\"lazy\" decoding=\"async\" class=\"alignleft  \" title=\"080120111030\" src=\"https:\/\/df-nyt.dk\/\/wp-content\/uploads\/080120111030.png\" alt=\"\" width=\"249\" height=\"122\" \/><\/p>\n<p>Der er ingen tvivl om en r\u00e6kke kommentatorer holder sig mere til tal og m\u00e5lingerne frem for, hvad befolkningen mener og hvordan virkeligheden ser ud i det ganske land.<\/p>\n<p>Medierne har i lang r\u00e6kke tilf\u00e6lde et politisk budskab.<br \/>\nHer er de politiske kommentatorer i front.<\/p>\n<p>Kommentatoren har samtidig en dagsorden om at s\u00e6tte dem selv i front som uundv\u00e6rlige, og ser sig som de sande eksperter.<\/p>\n<p>I den forgangene uge har kommentator og medier v\u00e6ret p\u00e5 banen mange gange i forhold til det politiske landskab, og kommet med forudsigelse p\u00e5 forudsigelse og konklusioner:<\/p>\n<p>Efter statsministerens nyt\u00e5rstale og debat med Helle Thorning-Schmidt var kommentatoren ude at afg\u00f8re valget til fordel for Lars L\u00f8kke Rasmussen.<\/p>\n<p>Bem\u00e6rkelsesv\u00e6rdig var det dog at en megafonm\u00e5ling mandag viste at et flertal \u00f8nsker Helle Thorning-Schmidt som statsminister.<\/p>\n<p>Tirsdag fortalte Berlingske Tidende at danskerne fortr\u00e6kker &#8211;<br \/>\nSkriver Lars Jakobsen p\u00e5 bloggen, Upstairs and downstairs<\/p>\n<p>For yderlig l\u00e6sning<\/p>\n<p><a href=\"https:\/\/df-nyt.dk\/?p=12945\" target=\"_blank\" rel=\"noopener noreferrer\"><span style=\"text-decoration: underline;\">Er p\u00e5 vej mod at forvandle sundhedssektoren til et sygdomsmarked?<\/span><\/a><\/p>\n","protected":false},"excerpt":{"rendered":"<p>Der er ingen tvivl om en r\u00e6kke kommentatorer holder sig mere til tal og m\u00e5lingerne frem for, hvad befolkningen mener og hvordan virkeligheden ser ud i det ganske land. Medierne har i lang r\u00e6kke tilf\u00e6lde et politisk budskab. Her er de politiske kommentatorer i front. Kommentatoren har samtidig en dagsorden om at s\u00e6tte dem selv [&hellip;]<\/p>\n","protected":false},"author":10,"featured_media":0,"comment_status":"open","ping_status":"closed","sticky":false,"template":"","format":"standard","meta":{"footnotes":""},"categories":[1],"tags":[],"class_list":["post-14633","post","type-post","status-publish","format-standard","hentry","category-df-nyt-dk"],"_links":{"self":[{"href":"https:\/\/df-nyt.dk\/blog\/wp-json\/wp\/v2\/posts\/14633","targetHints":{"allow":["GET"]}}],"collection":[{"href":"https:\/\/df-nyt.dk\/blog\/wp-json\/wp\/v2\/posts"}],"about":[{"href":"https:\/\/df-nyt.dk\/blog\/wp-json\/wp\/v2\/types\/post"}],"author":[{"embeddable":true,"href":"https:\/\/df-nyt.dk\/blog\/wp-json\/wp\/v2\/users\/10"}],"replies":[{"embeddable":true,"href":"https:\/\/df-nyt.dk\/blog\/wp-json\/wp\/v2\/comments?post=14633"}],"version-history":[{"count":2,"href":"https:\/\/df-nyt.dk\/blog\/wp-json\/wp\/v2\/posts\/14633\/revisions"}],"predecessor-version":[{"id":104878,"href":"https:\/\/df-nyt.dk\/blog\/wp-json\/wp\/v2\/posts\/14633\/revisions\/104878"}],"wp:attachment":[{"href":"https:\/\/df-nyt.dk\/blog\/wp-json\/wp\/v2\/media?parent=14633"}],"wp:term":[{"taxonomy":"category","embeddable":true,"href":"https:\/\/df-nyt.dk\/blog\/wp-json\/wp\/v2\/categories?post=14633"},{"taxonomy":"post_tag","embeddable":true,"href":"https:\/\/df-nyt.dk\/blog\/wp-json\/wp\/v2\/tags?post=14633"}],"curies":[{"name":"wp","href":"https:\/\/api.w.org\/{rel}","templated":true}]}}