{"id":14690,"date":"2011-01-09T14:53:21","date_gmt":"2011-01-09T13:53:21","guid":{"rendered":"http:\/\/df-nyt.dk\/?p=14690"},"modified":"2011-01-09T15:02:00","modified_gmt":"2011-01-09T14:02:00","slug":"netv%c3%a6rket-del-2-muhammed-sagen-giver-netv%c3%a6rket-fremgang","status":"publish","type":"post","link":"https:\/\/df-nyt.dk\/blog\/netv%c3%a6rket-del-2-muhammed-sagen-giver-netv%c3%a6rket-fremgang\/","title":{"rendered":"Netv\u00e6rket, del 2: Muhammed-sagen giver Netv\u00e6rket fremgang"},"content":{"rendered":"<p><strong><a href=\"https:\/\/df-nyt.dk\/blog\/wp-content\/uploads\/090120111450.png\"><img loading=\"lazy\" decoding=\"async\" class=\"alignleft size-full wp-image-14691\" title=\"090120111450\" src=\"https:\/\/df-nyt.dk\/blog\/wp-content\/uploads\/090120111450.png\" alt=\"\" width=\"244\" height=\"182\" \/><\/a><\/strong><\/p>\n<p><strong>I anden del af temaet om det antimuslimske &#8220;counterjihad&#8221;-netv\u00e6rk ser vi p\u00e5, hvordan Muhammed-krisen banede vej for at s\u00e6tte Danmark central p\u00e5 det antimuslimske verdenskort.<\/strong><\/p>\n<p>I f\u00f8rste del af temaet om Netv\u00e6rket: Netv\u00e6rket del 1:<\/p>\n<p>Et netv\u00e6rk af netv\u00e6rk beskrev vi Netv\u00e6rket som en l\u00f8st koblet organisation af selvst\u00e6ndige grupper, der samarbejder og koordinerer p\u00e5 kryds og tv\u00e6rs af hinanden, fra Lars Hedegaard og Trykkefrihedsselskabet, fra Anders Gravers og Stop Islamiseringen af Danmark\/Europa\/Amerika og English Defense League, til hollandske Geert Wilders, Svenske Ted Ekeroth, amerikanske Pamela Geller og Robert Spencer.<\/p>\n<p>Netv\u00e6rket bruger selv begrebet CounterJihad om deres sammenslutning.<\/p>\n<p>Uden sammenligning i \u00f8vrigt kan selve organisationsstrukturen godt minde om den m\u00e5de, som Al-Qaeda netv\u00e6rket er blevet beskrevet som l\u00f8st organiserede, uafh\u00e6ngige \u00bbceller\u00ab uden en f\u00e6lles ledelse.<\/p>\n<p><strong>Selvom blogosf\u00e6ren forudsigeligt reagerede med s\u00e6dvanlig forn\u00e6gtelse, h\u00e5n, spot, latterligg\u00f8relse, &#8230;<\/strong><\/p>\n<p><strong>Skriver Margrethe S. Hansen &amp; Christian Rask p\u00e5 NetAvisen P77 &#8230;<a href=\"http:\/\/www.p77.dk\/radikalisering\/80-tema-netvaerket\/377-netvaerket-del-2-muhammed-sagen-giver-netvaerket-fremgang\"> L\u00e6s mere HER<\/a><\/strong><\/p>\n<p><strong>Se ogs\u00e5, <a href=\"http:\/\/df-nyt.dk\/?p=8292\">Hold frygten k\u00f8rende og honorarerne flydende! <\/a><\/strong><\/p>\n<p>Ralf Pittelkow og Karen Jespersen surfer p\u00e5 hades og frygtens b\u00f8lger, som kapitaliseres i islamofobiske tekster, solgt som b\u00f8ger og politisk profit.<\/p>\n<p><strong>*********************************************** <\/strong><\/p>\n","protected":false},"excerpt":{"rendered":"<p>I anden del af temaet om det antimuslimske &#8220;counterjihad&#8221;-netv\u00e6rk ser vi p\u00e5, hvordan Muhammed-krisen banede vej for at s\u00e6tte Danmark central p\u00e5 det antimuslimske verdenskort. I f\u00f8rste del af temaet om Netv\u00e6rket: Netv\u00e6rket del 1: Et netv\u00e6rk af netv\u00e6rk beskrev vi Netv\u00e6rket som en l\u00f8st koblet organisation af selvst\u00e6ndige grupper, der samarbejder og koordinerer p\u00e5 [&hellip;]<\/p>\n","protected":false},"author":10,"featured_media":0,"comment_status":"open","ping_status":"closed","sticky":false,"template":"","format":"standard","meta":{"footnotes":""},"categories":[1],"tags":[],"class_list":["post-14690","post","type-post","status-publish","format-standard","hentry","category-df-nyt-dk"],"_links":{"self":[{"href":"https:\/\/df-nyt.dk\/blog\/wp-json\/wp\/v2\/posts\/14690","targetHints":{"allow":["GET"]}}],"collection":[{"href":"https:\/\/df-nyt.dk\/blog\/wp-json\/wp\/v2\/posts"}],"about":[{"href":"https:\/\/df-nyt.dk\/blog\/wp-json\/wp\/v2\/types\/post"}],"author":[{"embeddable":true,"href":"https:\/\/df-nyt.dk\/blog\/wp-json\/wp\/v2\/users\/10"}],"replies":[{"embeddable":true,"href":"https:\/\/df-nyt.dk\/blog\/wp-json\/wp\/v2\/comments?post=14690"}],"version-history":[{"count":0,"href":"https:\/\/df-nyt.dk\/blog\/wp-json\/wp\/v2\/posts\/14690\/revisions"}],"wp:attachment":[{"href":"https:\/\/df-nyt.dk\/blog\/wp-json\/wp\/v2\/media?parent=14690"}],"wp:term":[{"taxonomy":"category","embeddable":true,"href":"https:\/\/df-nyt.dk\/blog\/wp-json\/wp\/v2\/categories?post=14690"},{"taxonomy":"post_tag","embeddable":true,"href":"https:\/\/df-nyt.dk\/blog\/wp-json\/wp\/v2\/tags?post=14690"}],"curies":[{"name":"wp","href":"https:\/\/api.w.org\/{rel}","templated":true}]}}