{"id":14705,"date":"2011-01-09T19:23:33","date_gmt":"2011-01-09T18:23:33","guid":{"rendered":"http:\/\/df-nyt.dk\/?p=14705"},"modified":"2017-12-06T08:27:20","modified_gmt":"2017-12-06T07:27:20","slug":"tanker-om-efterlonnen","status":"publish","type":"post","link":"https:\/\/df-nyt.dk\/blog\/tanker-om-efterlonnen\/","title":{"rendered":"Tanker om efterl\u00f8nnen"},"content":{"rendered":"<p><strong><a href=\"https:\/\/df-nyt.dk\/blog\/wp-content\/uploads\/090120111919.png\"><img loading=\"lazy\" decoding=\"async\" class=\"alignleft size-full wp-image-14706\" title=\"090120111919\" src=\"https:\/\/df-nyt.dk\/blog\/wp-content\/uploads\/090120111919.png\" alt=\"\" width=\"191\" height=\"158\" \/><\/a><\/strong><\/p>\n<p>&nbsp;<\/p>\n<p>Tanker om efterl\u00f8nnen<\/p>\n<p>Der tales meget, is\u00e6r fra borgerligt hold, om \u201cn\u00f8dvendigheden\u201d af at afskaffe efterl\u00f8nnen.<\/p>\n<p>Agger p\u00e5 Modpress\u00a0 &#8211; \u00a0 Og forts\u00e6tter.<\/p>\n<p>Det er selvf\u00f8lgelig klart, at der ikke er nogen naturlov, der siger, at der skal v\u00e6re en underligt kompliceret ordning ved navn \u201cefterl\u00f8n\u201d, som tillader folk at tr\u00e6kke sig tilbage, n\u00e5r de bliver 60 (eller 62, som det nu er blevet).<\/p>\n<p>Det ville v\u00e6re meget nemmere at have en universel ydelse, der hed borgerl\u00f8n, der tillod alle at tr\u00e6kke sig tilbage pr\u00e6cis, n\u00e5r de havde lyst, no questions asked.<\/p>\n<p>N\u00e5r det s\u00e5 er sagt, virker det mere eller mindre oplagt, at man ikke sparer penge p\u00e5 at afskaffe efterl\u00f8nnen i en tid med udsigt til kronisk arbejdsl\u00f8shed &#8211; &#8230;<\/p>\n<p>Skriver Agger p\u00e5 Modpress.<\/p>\n<p><strong>L\u00e6s, <\/strong> <a href=\"http:\/\/df-nyt.dk\/?p=14353\" target=\"_blank\"><span style=\"text-decoration: underline;\"><strong>Konkurs-rekord i 2010. \u2013 Velkommen til virkeligheden \u2026 <\/strong><\/span><\/a><\/p>\n<p>&nbsp;<br \/>\n<strong>Se ogs\u00e5, <\/strong><a href=\"http:\/\/df-nyt.dk\/historien-om-efterl\u00f8nnen\/\" target=\"_blank\"><span style=\"text-decoration: underline;\"><strong>Efterl\u00f8nnen er brugerbetalt<\/strong><\/span><\/a>. <\/p>\n<p><strong>*************************<\/strong><br \/>\n&nbsp;<\/p>\n","protected":false},"excerpt":{"rendered":"<p>&nbsp; Tanker om efterl\u00f8nnen Der tales meget, is\u00e6r fra borgerligt hold, om \u201cn\u00f8dvendigheden\u201d af at afskaffe efterl\u00f8nnen. Agger p\u00e5 Modpress\u00a0 &#8211; \u00a0 Og forts\u00e6tter. Det er selvf\u00f8lgelig klart, at der ikke er nogen naturlov, der siger, at der skal v\u00e6re en underligt kompliceret ordning ved navn \u201cefterl\u00f8n\u201d, som tillader folk at tr\u00e6kke sig tilbage, n\u00e5r [&hellip;]<\/p>\n","protected":false},"author":10,"featured_media":0,"comment_status":"open","ping_status":"closed","sticky":false,"template":"","format":"standard","meta":{"footnotes":""},"categories":[1],"tags":[],"class_list":["post-14705","post","type-post","status-publish","format-standard","hentry","category-df-nyt-dk"],"_links":{"self":[{"href":"https:\/\/df-nyt.dk\/blog\/wp-json\/wp\/v2\/posts\/14705","targetHints":{"allow":["GET"]}}],"collection":[{"href":"https:\/\/df-nyt.dk\/blog\/wp-json\/wp\/v2\/posts"}],"about":[{"href":"https:\/\/df-nyt.dk\/blog\/wp-json\/wp\/v2\/types\/post"}],"author":[{"embeddable":true,"href":"https:\/\/df-nyt.dk\/blog\/wp-json\/wp\/v2\/users\/10"}],"replies":[{"embeddable":true,"href":"https:\/\/df-nyt.dk\/blog\/wp-json\/wp\/v2\/comments?post=14705"}],"version-history":[{"count":0,"href":"https:\/\/df-nyt.dk\/blog\/wp-json\/wp\/v2\/posts\/14705\/revisions"}],"wp:attachment":[{"href":"https:\/\/df-nyt.dk\/blog\/wp-json\/wp\/v2\/media?parent=14705"}],"wp:term":[{"taxonomy":"category","embeddable":true,"href":"https:\/\/df-nyt.dk\/blog\/wp-json\/wp\/v2\/categories?post=14705"},{"taxonomy":"post_tag","embeddable":true,"href":"https:\/\/df-nyt.dk\/blog\/wp-json\/wp\/v2\/tags?post=14705"}],"curies":[{"name":"wp","href":"https:\/\/api.w.org\/{rel}","templated":true}]}}