{"id":14712,"date":"2011-01-09T21:22:14","date_gmt":"2011-01-09T20:22:14","guid":{"rendered":"http:\/\/df-nyt.dk\/?p=14712"},"modified":"2016-09-10T11:44:02","modified_gmt":"2016-09-10T09:44:02","slug":"se-israel-filmen-som-dr-t%c3%b8ver-med-at-vise","status":"publish","type":"post","link":"https:\/\/df-nyt.dk\/blog\/se-israel-filmen-som-dr-t%c3%b8ver-med-at-vise\/","title":{"rendered":"Se Israel-filmen som DR t\u00f8ver med at vise"},"content":{"rendered":"<p><strong><a href=\"https:\/\/df-nyt.dk\/blog\/wp-content\/uploads\/090120112120.png\"><img loading=\"lazy\" decoding=\"async\" class=\"alignleft size-full wp-image-14713\" title=\"090120112120\" src=\"https:\/\/df-nyt.dk\/blog\/wp-content\/uploads\/090120112120.png\" alt=\"\" width=\"227\" height=\"212\" \/><\/a><\/strong><\/p>\n<p>Se Israel-filmen som DR t\u00f8ver med at vise<\/p>\n<p>Den prisbel\u00f8nnede dokumentarfilm Defamation ligger og samler st\u00f8v hos Danmarks Radio.<\/p>\n<p>P\u00e5 trods af, at DR selv har skudt millioner i filmen, er det if\u00f8lge kanalchef Arne Notkin uvist, om vort licensbetalte public service-institution vil vise den.<\/p>\n<p>\u00bbP\u00e5 nogle punkter synes jeg, at Defamation er problematisk, og derfor skal vi vise filmen i en sammenh\u00e6ng, som vi kan st\u00e5 inden for\u00ab, udtaler han til filmmagasinet Ekko.<\/p>\n<p>Netavisen P77 giver nu l\u00e6serne (og licensbetalerne) mulighed for se, hvad DR t\u00f8ver med.<\/p>\n<p>Defemation er en dokumentarfilm af den j\u00f8diske instrukt\u00f8r Yoav Shamir.<\/p>\n<p>I Defamation s\u00e6tter han sig for at unders\u00f8ge, om der findes reel antisemitisme i vesten, eller i hvor h\u00f8j grad antisemitismen er en myte holdt i live af den israelske h\u00f8jrefl\u00f8j.<\/p>\n<p>Filmen har vundet mange priser og anmeldes blandt andet af DRs egen Per Juul Carlsen som \u00bbEn herligt \u00e5benhjertig, provokerende og tankev\u00e6kkende dokumentarfilm om Israel og holocaust\u00ab.<\/p>\n<p><strong>DR t\u00f8ver med at vise den Israel-kritiske film \u00bbDefamation\u00ab \u2013 vi taler hvor DR tier.<\/strong><\/p>\n<p><strong>Skriver Margrethe S. Hansen p\u00e5 NetAvisen P77&#8230; <span style=\"text-decoration: underline;\"><a href=\"http:\/\/www.p77.dk\/demokrati\/ytringsfrihed\/383-se-israel-filmen-som-dr-tover-med-at-vise\" target=\"_blank\">L\u00e6s og SE mere HER<\/a><\/span><\/strong><\/p>\n<p><strong>************************************************************* <\/strong><\/p>\n","protected":false},"excerpt":{"rendered":"<p>Se Israel-filmen som DR t\u00f8ver med at vise Den prisbel\u00f8nnede dokumentarfilm Defamation ligger og samler st\u00f8v hos Danmarks Radio. P\u00e5 trods af, at DR selv har skudt millioner i filmen, er det if\u00f8lge kanalchef Arne Notkin uvist, om vort licensbetalte public service-institution vil vise den. \u00bbP\u00e5 nogle punkter synes jeg, at Defamation er problematisk, og [&hellip;]<\/p>\n","protected":false},"author":10,"featured_media":0,"comment_status":"open","ping_status":"closed","sticky":false,"template":"","format":"standard","meta":{"footnotes":""},"categories":[1],"tags":[],"class_list":["post-14712","post","type-post","status-publish","format-standard","hentry","category-df-nyt-dk"],"_links":{"self":[{"href":"https:\/\/df-nyt.dk\/blog\/wp-json\/wp\/v2\/posts\/14712","targetHints":{"allow":["GET"]}}],"collection":[{"href":"https:\/\/df-nyt.dk\/blog\/wp-json\/wp\/v2\/posts"}],"about":[{"href":"https:\/\/df-nyt.dk\/blog\/wp-json\/wp\/v2\/types\/post"}],"author":[{"embeddable":true,"href":"https:\/\/df-nyt.dk\/blog\/wp-json\/wp\/v2\/users\/10"}],"replies":[{"embeddable":true,"href":"https:\/\/df-nyt.dk\/blog\/wp-json\/wp\/v2\/comments?post=14712"}],"version-history":[{"count":0,"href":"https:\/\/df-nyt.dk\/blog\/wp-json\/wp\/v2\/posts\/14712\/revisions"}],"wp:attachment":[{"href":"https:\/\/df-nyt.dk\/blog\/wp-json\/wp\/v2\/media?parent=14712"}],"wp:term":[{"taxonomy":"category","embeddable":true,"href":"https:\/\/df-nyt.dk\/blog\/wp-json\/wp\/v2\/categories?post=14712"},{"taxonomy":"post_tag","embeddable":true,"href":"https:\/\/df-nyt.dk\/blog\/wp-json\/wp\/v2\/tags?post=14712"}],"curies":[{"name":"wp","href":"https:\/\/api.w.org\/{rel}","templated":true}]}}