{"id":14719,"date":"2011-01-09T22:04:52","date_gmt":"2011-01-09T21:04:52","guid":{"rendered":"http:\/\/df-nyt.dk\/?p=14719"},"modified":"2026-01-23T14:24:55","modified_gmt":"2026-01-23T13:24:55","slug":"nynazist-anklager-faengsel-for-religios-diskrimination","status":"publish","type":"post","link":"https:\/\/df-nyt.dk\/blog\/nynazist-anklager-faengsel-for-religios-diskrimination\/","title":{"rendered":"Nynazist anklager f\u00e6ngsel for religi\u00f8s diskrimination"},"content":{"rendered":"<p><img loading=\"lazy\" decoding=\"async\" class=\"alignleft size-full \" title=\"090120112201\" src=\"https:\/\/df-nyt.dk\/blog\/wp-content\/uploads\/090120112201.png\" alt=\"\" width=\"225\" height=\"180\" \/><\/p>\n<p>En nynazist f\u00e6ngslet for at tilskynde folk til at \u00bbtilintetg\u00f8re alle j\u00f8der\u00ab h\u00e6vder, at han er offer for religi\u00f8s diskrimination \u2013 efter f\u00e6ngselsledelsen har forbudt ham at g\u00e5 med et Thors Hammer-vedh\u00e6ng. Skriver Margrethe S. Hansen p\u00e5<span style=\"text-decoration: underline;\"><a href=\"http:\/\/www.p77.dk\/samfund-mennesker\/mennesker\/387-nynazist-anklager-faengsel-for-religios-diskrimination\"> NetAvisen P77<\/a><\/span><\/p>\n<p>Og Margrethe S. Hansen forts\u00e6tter p\u00e5 <span style=\"text-decoration: underline;\"><a href=\"http:\/\/www.p77.dk\/samfund-mennesker\/mennesker\/387-nynazist-anklager-faengsel-for-religios-diskrimination\">NetAvisen P77<\/a><\/span> med b.la. f\u00f8lgende<br \/>\nNynazisten Michael Heaton er 43 \u00e5r og tidligere leder af den nynazistiske gruppe British Freedom Fighters og tidligere medlem af den voldelige gruppe English Defence Leauge.<\/p>\n<p>Heaton blev f\u00e6ngslet sidste \u00e5r efter at have publiceret mere end 3.000 hadefulde bem\u00e6rkninger om j\u00f8der p\u00e5 forskelige h\u00f8jreorienterede hjemmesider.<\/p>\n<p>Nu har han selv anmeldt sit f\u00e6ngsel i byen Lancs for religi\u00f8s diskrimination, efter han fik et forbud om &#8230;<\/p>\n<p>Skriver Margrethe S. Hansen p\u00e5 NetAvisen P77 &#8230;<span style=\"text-decoration: underline;\"> <a href=\"http:\/\/www.p77.dk\/samfund-mennesker\/mennesker\/387-nynazist-anklager-faengsel-for-religios-diskrimination\">L\u00e6s mere der<\/a><\/span><\/p>\n<p>Se ogs\u00e5, <span style=\"text-decoration: underline;\"><a href=\"http:\/\/df-nyt.dk\/?p=10556\">Anders Gravers &amp; venner i nye kl\u00e6der <\/a><\/span><\/p>\n<p>*************************************<\/p>\n","protected":false},"excerpt":{"rendered":"<p>En nynazist f\u00e6ngslet for at tilskynde folk til at \u00bbtilintetg\u00f8re alle j\u00f8der\u00ab h\u00e6vder, at han er offer for religi\u00f8s diskrimination \u2013 efter f\u00e6ngselsledelsen har forbudt ham at g\u00e5 med et Thors Hammer-vedh\u00e6ng. Skriver Margrethe S. Hansen p\u00e5 NetAvisen P77 Og Margrethe S. Hansen forts\u00e6tter p\u00e5 NetAvisen P77 med b.la. f\u00f8lgende Nynazisten Michael Heaton er 43 [&hellip;]<\/p>\n","protected":false},"author":10,"featured_media":0,"comment_status":"open","ping_status":"closed","sticky":false,"template":"","format":"standard","meta":{"footnotes":""},"categories":[1],"tags":[],"class_list":["post-14719","post","type-post","status-publish","format-standard","hentry","category-df-nyt-dk"],"_links":{"self":[{"href":"https:\/\/df-nyt.dk\/blog\/wp-json\/wp\/v2\/posts\/14719","targetHints":{"allow":["GET"]}}],"collection":[{"href":"https:\/\/df-nyt.dk\/blog\/wp-json\/wp\/v2\/posts"}],"about":[{"href":"https:\/\/df-nyt.dk\/blog\/wp-json\/wp\/v2\/types\/post"}],"author":[{"embeddable":true,"href":"https:\/\/df-nyt.dk\/blog\/wp-json\/wp\/v2\/users\/10"}],"replies":[{"embeddable":true,"href":"https:\/\/df-nyt.dk\/blog\/wp-json\/wp\/v2\/comments?post=14719"}],"version-history":[{"count":3,"href":"https:\/\/df-nyt.dk\/blog\/wp-json\/wp\/v2\/posts\/14719\/revisions"}],"predecessor-version":[{"id":111644,"href":"https:\/\/df-nyt.dk\/blog\/wp-json\/wp\/v2\/posts\/14719\/revisions\/111644"}],"wp:attachment":[{"href":"https:\/\/df-nyt.dk\/blog\/wp-json\/wp\/v2\/media?parent=14719"}],"wp:term":[{"taxonomy":"category","embeddable":true,"href":"https:\/\/df-nyt.dk\/blog\/wp-json\/wp\/v2\/categories?post=14719"},{"taxonomy":"post_tag","embeddable":true,"href":"https:\/\/df-nyt.dk\/blog\/wp-json\/wp\/v2\/tags?post=14719"}],"curies":[{"name":"wp","href":"https:\/\/api.w.org\/{rel}","templated":true}]}}