{"id":14737,"date":"2011-01-10T12:49:32","date_gmt":"2011-01-10T11:49:32","guid":{"rendered":"http:\/\/df-nyt.dk\/?p=14737"},"modified":"2018-09-08T08:11:37","modified_gmt":"2018-09-08T06:11:37","slug":"liberalist-udstillet-som-varmluft-og-selvperfekt","status":"publish","type":"post","link":"https:\/\/df-nyt.dk\/blog\/liberalist-udstillet-som-varmluft-og-selvperfekt\/","title":{"rendered":"Liberalist udstillet som varmluft og selvperfekt"},"content":{"rendered":"<p><strong><a href=\"https:\/\/df-nyt.dk\/blog\/wp-content\/uploads\/100120111245.png\"><img loading=\"lazy\" decoding=\"async\" class=\"alignleft size-full wp-image-14738\" title=\"100120111245\" src=\"https:\/\/df-nyt.dk\/blog\/wp-content\/uploads\/100120111245.png\" alt=\"\" width=\"197\" height=\"175\" \/><\/a><\/strong><\/p>\n<p>&nbsp;<\/p>\n<p>&#8216;I en debat p\u00e5 DR2 mellem Astrid Krag fra SF og Ole Birk Olesen som er folketingskandidat for Liberal Alliance udstilles sidstn\u00e6vnte i et angreb p\u00e5 efterl\u00f8nnen, &#8211;<\/p>\n<p>uden nogen svar p\u00e5 hvordan 20.000 \u2013 26.000 ingen muligheder har hvis efterl\u00f8nne afskaffes.<\/p>\n<p>Desuden m\u00e5 Ole Birk Olesens angreb p\u00e5 grupper som ikke er Liberale akademiker, &#8211;<\/p>\n<p>ses som et angreb p\u00e5 mennesker der ikke er perfekte i hans verden, &#8211;<\/p>\n<p>hvor menneskesynet handler om at f\u00e5 s\u00e5 meget profit ud af mennesket for egen vindingsskyld,<br \/>\nfor derefter at smide det v\u00e6k.&#8217;<\/p>\n<p>Skriver Lars Jakobsen p\u00e5 Upstairs and downstairs \u2026<\/p>\n<p><strong>L\u00e6s ogs\u00e5, \u00a0<\/strong><a href=\"http:\/\/df-nyt.dk\/?p=14633\" target=\"_blank\" rel=\"noopener\"><span style=\"text-decoration: underline;\"><strong>Politiske kommentatorer er til grin !!! <\/strong><\/span><\/a><\/p>\n<p>&nbsp;<br \/>\n<strong>L\u00e6s, \u00a0\u00a0<\/strong><a href=\"http:\/\/df-nyt.dk\/?p=9803\" target=\"_blank\" rel=\"noopener\"><span style=\"text-decoration: underline;\"><strong>Liberal Alliance bruger tr\u00e6kfuglen, svalen i sit logo \u2013 det er nok ikke en tilf\u00e6ldighed<\/strong><\/span><\/a><\/p>\n<p>&nbsp;<br \/>\n<strong>Se, \u00a0\u00a0<\/strong><a href=\"http:\/\/df-nyt.dk\/?p=14289\" target=\"_blank\" rel=\"noopener\"><span style=\"text-decoration: underline;\"><strong>Vi har ikke r\u00e5d til efterl\u00f8n, Vi har ikke r\u00e5d til \u00e6ldrebyrden, Vi har \u2026<\/strong><\/span><\/a><\/p>\n<p>&nbsp;<br \/>\n&#8216;Ole Birk Olesen, der er ny kandidat for Liberal Alliance, er tiltalt af liberale diktaturer som Hong Kong og Dubai, hvis \u00f8konomiske overflod vidner om den frie markeds\u00f8konomis fortr\u00e6ffeligheder&#8217; Klide: \u00a0<a href=\"http:\/\/www.information.dk\/node\/245667\" target=\"_blank\" rel=\"noopener\"><span style=\"text-decoration: underline;\"><strong>Information.dk<\/strong><\/span><\/a><\/p>\n<p>&nbsp;<\/p>\n","protected":false},"excerpt":{"rendered":"<p>&nbsp; &#8216;I en debat p\u00e5 DR2 mellem Astrid Krag fra SF og Ole Birk Olesen som er folketingskandidat for Liberal Alliance udstilles sidstn\u00e6vnte i et angreb p\u00e5 efterl\u00f8nnen, &#8211; uden nogen svar p\u00e5 hvordan 20.000 \u2013 26.000 ingen muligheder har hvis efterl\u00f8nne afskaffes. Desuden m\u00e5 Ole Birk Olesens angreb p\u00e5 grupper som ikke er Liberale [&hellip;]<\/p>\n","protected":false},"author":10,"featured_media":0,"comment_status":"open","ping_status":"closed","sticky":false,"template":"","format":"standard","meta":{"footnotes":""},"categories":[1],"tags":[],"class_list":["post-14737","post","type-post","status-publish","format-standard","hentry","category-df-nyt-dk"],"_links":{"self":[{"href":"https:\/\/df-nyt.dk\/blog\/wp-json\/wp\/v2\/posts\/14737","targetHints":{"allow":["GET"]}}],"collection":[{"href":"https:\/\/df-nyt.dk\/blog\/wp-json\/wp\/v2\/posts"}],"about":[{"href":"https:\/\/df-nyt.dk\/blog\/wp-json\/wp\/v2\/types\/post"}],"author":[{"embeddable":true,"href":"https:\/\/df-nyt.dk\/blog\/wp-json\/wp\/v2\/users\/10"}],"replies":[{"embeddable":true,"href":"https:\/\/df-nyt.dk\/blog\/wp-json\/wp\/v2\/comments?post=14737"}],"version-history":[{"count":2,"href":"https:\/\/df-nyt.dk\/blog\/wp-json\/wp\/v2\/posts\/14737\/revisions"}],"predecessor-version":[{"id":98344,"href":"https:\/\/df-nyt.dk\/blog\/wp-json\/wp\/v2\/posts\/14737\/revisions\/98344"}],"wp:attachment":[{"href":"https:\/\/df-nyt.dk\/blog\/wp-json\/wp\/v2\/media?parent=14737"}],"wp:term":[{"taxonomy":"category","embeddable":true,"href":"https:\/\/df-nyt.dk\/blog\/wp-json\/wp\/v2\/categories?post=14737"},{"taxonomy":"post_tag","embeddable":true,"href":"https:\/\/df-nyt.dk\/blog\/wp-json\/wp\/v2\/tags?post=14737"}],"curies":[{"name":"wp","href":"https:\/\/api.w.org\/{rel}","templated":true}]}}