{"id":14749,"date":"2011-01-10T13:56:47","date_gmt":"2011-01-10T12:56:47","guid":{"rendered":"http:\/\/df-nyt.dk\/?p=14749"},"modified":"2026-02-09T22:22:07","modified_gmt":"2026-02-09T21:22:07","slug":"kan-df-forsanger-kim-christiansen-vaere-syg-et-sted-og-sa-vaere-frisk-det-andet-sted","status":"publish","type":"post","link":"https:\/\/df-nyt.dk\/blog\/kan-df-forsanger-kim-christiansen-vaere-syg-et-sted-og-sa-vaere-frisk-det-andet-sted\/","title":{"rendered":"Kan DF-Forsanger Kim Christiansen v\u00e6re syg et sted, og s\u00e5 v\u00e6re frisk det andet sted?"},"content":{"rendered":"<p>Kan DF-Forsanger Kim Christiansen v\u00e6re syg et sted, og s\u00e5 v\u00e6re frisk det andet sted?<\/p>\n<p><a href=\"https:\/\/df-nyt.dk\/blog\/wp-content\/uploads\/100120111343.png\"><img loading=\"lazy\" decoding=\"async\" class=\"alignleft size-full wp-image-14750\" title=\"100120111343\" src=\"https:\/\/df-nyt.dk\/blog\/wp-content\/uploads\/100120111343.png\" alt=\"\" width=\"288\" height=\"181\" \/><\/a><br \/>\n&nbsp;<br \/>\nKim Christiansen har v\u00e6ret sygemeldt fra sit byr\u00e5dsarbejde i fire m\u00e5neder &#8211; mens han samtidig har varetaget arbejdet i Folketinget.<\/p>\n<p>P\u00e5 trods af sygemeldingen, har han stadig modtaget et vederlag som byr\u00e5dspolitiker.<\/p>\n<p>Sygeorlov eller ej, s\u00e5 tjener Kim Christiansen \u00e5rligt omkring 85.000 kroner som byr\u00e5dsmedlem i Mariagerfjord Kommune.<\/p>\n<p>Indtil videre har han f\u00e5et godkendt et halvt \u00e5rs orlov.<\/p>\n<p>Kritikken spidsede til i et indslag p\u00e5 TV2\/Nord fredag aften, hvor blandt andet Melanie Simick, byr\u00e5dsmedlem for SF, sagde:<br \/>\n&#8211; &#8216;S\u00e5dan er det jo ikke p\u00e5 min arbejdsplads.<br \/>\nHvis jeg er syg, s\u00e5 er jeg jo syg &#8211; og s\u00e5 skal jeg jo fort\u00e6lle hvorfor jeg er syg.<br \/>\nJeg kan ikke v\u00e6re syg et sted, og s\u00e5 v\u00e6re frisk det andet sted.<br \/>\nDet kan jeg godt undre mig lidt over, at man som politiker har friere rammer.&#8217;<br \/>\n&nbsp;<br \/>\nL\u00e6s ogs\u00e5, <a href=\"http:\/\/nyhederne-dyn.tv2.dk\/article.php\/id-18642911:dfs-dohrmann-bad-om-valgpenge.html\"><span style=\"text-decoration: underline;\">DF&#8217;s Dohrmann bad om valgpenge<\/span><\/a><br \/>\n&nbsp;<br \/>\nL\u00e6s, <a href=\"http:\/\/df-nyt.dk\/?p=13547\"><span style=\"text-decoration: underline;\">Den der betaler for musikken bestemmer ogs\u00e5 hvad der skal spilles<\/span><\/a><br \/>\n&nbsp;<\/p>\n","protected":false},"excerpt":{"rendered":"<p>Kan DF-Forsanger Kim Christiansen v\u00e6re syg et sted, og s\u00e5 v\u00e6re frisk det andet sted? &nbsp; Kim Christiansen har v\u00e6ret sygemeldt fra sit byr\u00e5dsarbejde i fire m\u00e5neder &#8211; mens han samtidig har varetaget arbejdet i Folketinget. P\u00e5 trods af sygemeldingen, har han stadig modtaget et vederlag som byr\u00e5dspolitiker. Sygeorlov eller ej, s\u00e5 tjener Kim Christiansen [&hellip;]<\/p>\n","protected":false},"author":10,"featured_media":0,"comment_status":"open","ping_status":"closed","sticky":false,"template":"","format":"standard","meta":{"footnotes":""},"categories":[1],"tags":[],"class_list":["post-14749","post","type-post","status-publish","format-standard","hentry","category-df-nyt-dk"],"_links":{"self":[{"href":"https:\/\/df-nyt.dk\/blog\/wp-json\/wp\/v2\/posts\/14749","targetHints":{"allow":["GET"]}}],"collection":[{"href":"https:\/\/df-nyt.dk\/blog\/wp-json\/wp\/v2\/posts"}],"about":[{"href":"https:\/\/df-nyt.dk\/blog\/wp-json\/wp\/v2\/types\/post"}],"author":[{"embeddable":true,"href":"https:\/\/df-nyt.dk\/blog\/wp-json\/wp\/v2\/users\/10"}],"replies":[{"embeddable":true,"href":"https:\/\/df-nyt.dk\/blog\/wp-json\/wp\/v2\/comments?post=14749"}],"version-history":[{"count":4,"href":"https:\/\/df-nyt.dk\/blog\/wp-json\/wp\/v2\/posts\/14749\/revisions"}],"predecessor-version":[{"id":111806,"href":"https:\/\/df-nyt.dk\/blog\/wp-json\/wp\/v2\/posts\/14749\/revisions\/111806"}],"wp:attachment":[{"href":"https:\/\/df-nyt.dk\/blog\/wp-json\/wp\/v2\/media?parent=14749"}],"wp:term":[{"taxonomy":"category","embeddable":true,"href":"https:\/\/df-nyt.dk\/blog\/wp-json\/wp\/v2\/categories?post=14749"},{"taxonomy":"post_tag","embeddable":true,"href":"https:\/\/df-nyt.dk\/blog\/wp-json\/wp\/v2\/tags?post=14749"}],"curies":[{"name":"wp","href":"https:\/\/api.w.org\/{rel}","templated":true}]}}