{"id":14818,"date":"2011-01-11T15:38:23","date_gmt":"2011-01-11T14:38:23","guid":{"rendered":"http:\/\/df-nyt.dk\/?p=14818"},"modified":"2016-10-11T14:45:47","modified_gmt":"2016-10-11T12:45:47","slug":"ulovlig-sagsbehandlding-i-integrationsministeriet-af-statslose-palaestinensere","status":"publish","type":"post","link":"https:\/\/df-nyt.dk\/blog\/ulovlig-sagsbehandlding-i-integrationsministeriet-af-statslose-palaestinensere\/","title":{"rendered":"Ulovlig sagsbehandlding i Integrationsministeriet af statsl\u00f8se pal\u00e6stinensere"},"content":{"rendered":"<p><strong>Ulovlig\u00a0sagsbehandling\u00a0i Integrationsministeriet af statsl\u00f8se pal\u00e6stinensere<\/strong><\/p>\n<p><a href=\"https:\/\/df-nyt.dk\/blog\/wp-content\/uploads\/110120111536.png\"><img loading=\"lazy\" decoding=\"async\" class=\"alignleft size-full wp-image-14819\" title=\"110120111536\" src=\"https:\/\/df-nyt.dk\/blog\/wp-content\/uploads\/110120111536.png\" alt=\"\" width=\"274\" height=\"211\" \/><\/a><\/p>\n<p>\u201dDet er noget af en horribel sagsbehandling, der er foreg\u00e5et i Birthe R\u00f8nn Hornbecks integrationsministerium, hvor man i stedet for at give unge statsl\u00f8se unge statsborgerskab i Danmark, som de har krav p\u00e5 if\u00f8lge en FN-konvention, frem til 2010 systematisk har fejlbehandlet disse sager\u201d, oplyser Astrid Kragh, n\u00e6stformand i SF\u2019s folketingsgruppe og SF\u2019s indf\u00f8dsretsordf\u00f8rer Hanne Agersnap.<\/p>\n<p>\u201dVi er forbl\u00f8ffede over sagen, og har da slet ikke haft fantasi til at forestille os, at ministeriet kunne behandle sagerne i strid med g\u00e6ldende regler.<\/p>\n<p>Skriver SF i en pressemeddelese &#8211;\u00a0Og forts\u00e6tter.<\/p>\n<p>Men, har der v\u00e6ret tale om ulovlig sagsbehandling, skal det have konsekvenser\u201d, siger b\u00e5de Astrid Kragh og Hanne Agersnap.<\/p>\n<p>Astrid Krag vil have en forklaring fra integrationsministeren p\u00e5, om ministeren er enig i, at hvis der er givet en instruks fra ministeriets side om at undlade at give statsl\u00f8se borgere indf\u00f8dsret \u2013 iflg. g\u00e6ldende regler, s\u00e5 m\u00e5 det f\u00e5 konsekvenser for ministeren?<\/p>\n<p>Desuden vil Hanne Agersnap straks have indkalde integrationsministeren i et \u00e5bent samr\u00e5d i folketingets integrationsudvalg, hvor ministeren skal redeg\u00f8re for hele sagen samt oplyse indhold og fra hvem, ministeren har indhentet udtalelser fra; bl.a. fra andre lande, ligesom jeg vil have ministeren til at vurdere, om den orientering som folketingets indf\u00f8dsretsudvalg har modtaget fra ministeren af 27. januar 2010 i tilstr\u00e6kkelig grad tager hensyn til, at det i overvejende grad er l\u00e6gm\u00e6nd, der skal forholde sig til indholdet og ikke udelukkende jurister.<\/p>\n<p>\u201dDet virker nemlig uforst\u00e5eligt, at man ikke har kunnet udlede af ministerens orientering, at der var givet afslag p\u00e5 ans\u00f8gningerne.<\/p>\n<p>Endelig vil jeg gerne vide, om ministeren er enig med Venstres integrationsordf\u00f8rer, Karsten Lauritzen, som til Ritzau bl.a. har udtalt, at der ikke er noget ford\u00e6kt i sagen om de ulovlige afslag af statsl\u00f8se pal\u00e6stinenseres ans\u00f8gninger om statsborgerskab\u201d, forts\u00e6tter Hanne Agersnap.<\/p>\n<p>\u201dMed denne sag, virker det jo n\u00e6rmest som om, det er jungleloven, der regerer i integrationsministeriet\u201d, slutter Astrid Kragh og Hanne Agersnap, if\u00f8lge en pressemeddelse fra SF.<\/p>\n<p><span style=\"text-decoration: underline;\"><strong><a href=\"http:\/\/www.sf.dk\/\" target=\"_blank\">L\u00e6s flere nyheder fra SF &#8230; HER <\/a><\/strong><\/span><\/p>\n","protected":false},"excerpt":{"rendered":"<p>Ulovlig\u00a0sagsbehandling\u00a0i Integrationsministeriet af statsl\u00f8se pal\u00e6stinensere \u201dDet er noget af en horribel sagsbehandling, der er foreg\u00e5et i Birthe R\u00f8nn Hornbecks integrationsministerium, hvor man i stedet for at give unge statsl\u00f8se unge statsborgerskab i Danmark, som de har krav p\u00e5 if\u00f8lge en FN-konvention, frem til 2010 systematisk har fejlbehandlet disse sager\u201d, oplyser Astrid Kragh, n\u00e6stformand i SF\u2019s [&hellip;]<\/p>\n","protected":false},"author":10,"featured_media":0,"comment_status":"open","ping_status":"closed","sticky":false,"template":"","format":"standard","meta":{"footnotes":""},"categories":[1],"tags":[],"class_list":["post-14818","post","type-post","status-publish","format-standard","hentry","category-df-nyt-dk"],"_links":{"self":[{"href":"https:\/\/df-nyt.dk\/blog\/wp-json\/wp\/v2\/posts\/14818","targetHints":{"allow":["GET"]}}],"collection":[{"href":"https:\/\/df-nyt.dk\/blog\/wp-json\/wp\/v2\/posts"}],"about":[{"href":"https:\/\/df-nyt.dk\/blog\/wp-json\/wp\/v2\/types\/post"}],"author":[{"embeddable":true,"href":"https:\/\/df-nyt.dk\/blog\/wp-json\/wp\/v2\/users\/10"}],"replies":[{"embeddable":true,"href":"https:\/\/df-nyt.dk\/blog\/wp-json\/wp\/v2\/comments?post=14818"}],"version-history":[{"count":0,"href":"https:\/\/df-nyt.dk\/blog\/wp-json\/wp\/v2\/posts\/14818\/revisions"}],"wp:attachment":[{"href":"https:\/\/df-nyt.dk\/blog\/wp-json\/wp\/v2\/media?parent=14818"}],"wp:term":[{"taxonomy":"category","embeddable":true,"href":"https:\/\/df-nyt.dk\/blog\/wp-json\/wp\/v2\/categories?post=14818"},{"taxonomy":"post_tag","embeddable":true,"href":"https:\/\/df-nyt.dk\/blog\/wp-json\/wp\/v2\/tags?post=14818"}],"curies":[{"name":"wp","href":"https:\/\/api.w.org\/{rel}","templated":true}]}}