{"id":14863,"date":"2011-01-12T19:13:13","date_gmt":"2011-01-12T18:13:13","guid":{"rendered":"http:\/\/df-nyt.dk\/?p=14863"},"modified":"2026-01-18T00:02:42","modified_gmt":"2026-01-17T23:02:42","slug":"dnf-talsmand-anholdt-for-vabenbesiddelse","status":"publish","type":"post","link":"https:\/\/df-nyt.dk\/blog\/dnf-talsmand-anholdt-for-vabenbesiddelse\/","title":{"rendered":"DNF-talsmand anholdt"},"content":{"rendered":"<p><img loading=\"lazy\" decoding=\"async\" class=\"alignleft size-full \" title=\"120120111909\" src=\"https:\/\/df-nyt.dk\/blog\/wp-content\/uploads\/120120111909.png\" alt=\"\" width=\"209\" height=\"200\" \/><\/p>\n<p>Den 43-\u00e5rige talsmand for Danmarks Nationale Front, Lars Agerbak, blev i dag anholdt efter at PET og politiet under en ransaning fandt v\u00e5ben.<\/p>\n<p>If\u00f8lge <a href=\"http:\/\/ekstrabladet.dk\/112\/article1486427.ece\" target=\"_blank\" rel=\"noopener\">Ekstra Bladet <\/a>blev der fundet ammunition, kanonslag og en str\u00f8mpistol.<\/p>\n<p>Desuden har milit\u00e6rets bomberyddere fjernet &#8220;mist\u00e6nkelige kemikalier&#8221; fra k\u00e6lderen i huset i H\u00f8rsholm hvor Lars Agerbak blev anholdt.<\/p>\n<p>Politiet skal angiveligt have f\u00e5et et tip om at der var v\u00e5ben i bygningen, og derfor gennemf\u00f8rt ransagningen.<\/p>\n<p>Under ransagningen sl\u00e6bte politiet en Porsche uden nummerplader v\u00e6k fra adressen, hvor der ogs\u00e5 er fundet milit\u00e6rbekl\u00e6dning.<\/p>\n<p>Kilde:<br \/>\n\/\/ekstrabladet.dk\/112\/article1486427.ece &#8211; Ekstrabladet<br \/>\n\/\/redox.dk\/spip.php?article1067&#8243; &#8211; researchkollektivet Redox<br \/>\n\/\/redox.dk\/spip.php?article1067&#8243; &#8211; Redox<br \/>\n\/\/ekstrabladet.dk\/112\/article1486427.ece &#8211; Ekstrabladet<br \/>\n\/\/politiken.dk\/indland\/ECE1165799\/pet-undersoeger-mystiske-kemikalier\/  Politiken <\/p>\n<p>L\u00e6s ogs\u00e5:<\/p>\n<p><a href=\"http:\/\/p77.dk\/radikalisering\/danmark\/296-danske-hojreradikale-i-netvaerk-med-russiske-nynazister\"><strong>Danske h\u00f8jreradikale i netv\u00e6rk med russiske nynazister <\/strong><\/a><br \/>\n&nbsp;<br \/>\n<a href=\"http:\/\/df-nyt.dk\/?p=11270\">\u2018Forkl\u00e6dt som nazist \u2013 en \u00c5rhushistorie\u2019 med relationer til FaceBook<\/a><strong>\u00a0<\/strong><br \/>\n&nbsp;<br \/>\n<a href=\"http:\/\/df-nyt.dk\/?p=9565\">Jonni Hansen\u2019s ven og Pia Kj\u00e6rsgaard\u2019s fan f\u00e5r 30 dage i skyggen for mordtrusler <\/a><\/p>\n<p>********************<\/p>\n","protected":false},"excerpt":{"rendered":"<p>Den 43-\u00e5rige talsmand for Danmarks Nationale Front, Lars Agerbak, blev i dag anholdt efter at PET og politiet under en ransaning fandt v\u00e5ben. If\u00f8lge Ekstra Bladet blev der fundet ammunition, kanonslag og en str\u00f8mpistol. Desuden har milit\u00e6rets bomberyddere fjernet &#8220;mist\u00e6nkelige kemikalier&#8221; fra k\u00e6lderen i huset i H\u00f8rsholm hvor Lars Agerbak blev anholdt. Politiet skal angiveligt [&hellip;]<\/p>\n","protected":false},"author":10,"featured_media":0,"comment_status":"open","ping_status":"closed","sticky":false,"template":"","format":"standard","meta":{"footnotes":""},"categories":[1],"tags":[],"class_list":["post-14863","post","type-post","status-publish","format-standard","hentry","category-df-nyt-dk"],"_links":{"self":[{"href":"https:\/\/df-nyt.dk\/blog\/wp-json\/wp\/v2\/posts\/14863","targetHints":{"allow":["GET"]}}],"collection":[{"href":"https:\/\/df-nyt.dk\/blog\/wp-json\/wp\/v2\/posts"}],"about":[{"href":"https:\/\/df-nyt.dk\/blog\/wp-json\/wp\/v2\/types\/post"}],"author":[{"embeddable":true,"href":"https:\/\/df-nyt.dk\/blog\/wp-json\/wp\/v2\/users\/10"}],"replies":[{"embeddable":true,"href":"https:\/\/df-nyt.dk\/blog\/wp-json\/wp\/v2\/comments?post=14863"}],"version-history":[{"count":2,"href":"https:\/\/df-nyt.dk\/blog\/wp-json\/wp\/v2\/posts\/14863\/revisions"}],"predecessor-version":[{"id":111410,"href":"https:\/\/df-nyt.dk\/blog\/wp-json\/wp\/v2\/posts\/14863\/revisions\/111410"}],"wp:attachment":[{"href":"https:\/\/df-nyt.dk\/blog\/wp-json\/wp\/v2\/media?parent=14863"}],"wp:term":[{"taxonomy":"category","embeddable":true,"href":"https:\/\/df-nyt.dk\/blog\/wp-json\/wp\/v2\/categories?post=14863"},{"taxonomy":"post_tag","embeddable":true,"href":"https:\/\/df-nyt.dk\/blog\/wp-json\/wp\/v2\/tags?post=14863"}],"curies":[{"name":"wp","href":"https:\/\/api.w.org\/{rel}","templated":true}]}}