{"id":14947,"date":"2011-01-13T19:37:55","date_gmt":"2011-01-13T18:37:55","guid":{"rendered":"http:\/\/df-nyt.dk\/?p=14947"},"modified":"2024-10-14T16:41:30","modified_gmt":"2024-10-14T14:41:30","slug":"fuld-tillid-til-henriette-kj%c3%a6r-i-aarhus","status":"publish","type":"post","link":"https:\/\/df-nyt.dk\/blog\/fuld-tillid-til-henriette-kj%c3%a6r-i-aarhus\/","title":{"rendered":"Fuld tillid til Henriette Kj\u00e6r i Aarhus"},"content":{"rendered":"<p><img loading=\"lazy\" decoding=\"async\" class=\"  alignnone\" title=\"120520112359\" src=\"https:\/\/df-nyt.dk\/\/wp-content\/uploads\/120520112359.png\" alt=\"\" width=\"339\" height=\"232\" \/><\/p>\n<p>Danske h\u00f8jreekstremister vil i samlet flok til Sverige, for at deltage i en h\u00f8jreekstremistisk demonstration vendt imod ny moske i G\u00f8teborg.<\/p>\n<p>L\u00f8rdag den 21. maj ser ud til at blive en hadets dag i G\u00f8teborg, Sverige. Skriver Margrethe S. Hansen, <a href=\"http:\/\/p77.dk\/radikalisering\/danmark\/501-danske-hojreekstremister-i-samlet-flok-pa-vej-til-sverige\"><span style=\"text-decoration: underline;\">NetAvisen P77.dk &#8211; -Og forts\u00e6tter<\/span><\/a><\/p>\n<p>Byen f\u00e5r nemlig den dag bes\u00f8g, af flere forskelige h\u00f8jreradikale grupper fra Sverige og Danmark.<\/p>\n<p>Under parolerne som bek\u00e6mper multikultur og stop islamiseringen, vil danske og svenske h\u00f8jreekstremister marchere i samlet flok, mod en nyopf\u00f8rt moske i G\u00f8teborg, som skal indvies den 25. maj.<\/p>\n<p>Moskeen er blevet et ufrivilligt omdrejninsgpunkt for den h\u00f8jreradikale vrede, der \u00f8nsker et stop for samtlige moskeer ikke kun i Danmark og Sverige men i hele Europa.<\/p>\n<p>Demonstrationen i G\u00f8teborg er arrangeret af den mindre h\u00f8jreradikale gruppe, Forsvarsk\u00e5ren Sveriges Selvforsvar og fascistiske Nationaldemokraterne, Foruden de to grupper, har gruppen Swedish Defence League, bebudet at de vil deltage i demonstrationen dog med egen flok.<\/p>\n<p>Swedish Defence League var oprindeligt medarrang\u00f8re men p\u00e5 grund af interne stridigheder imellem de tre grupper, blev Swedish Defence League udelukket fra arrang\u00f8rgruppen der st\u00e5r for planl\u00e6gningen af demonstrationen i G\u00f8teborg.<\/p>\n<p>Swedish Defence League er lilleput fraktion af det store engelske h\u00f8jreekstremistiske netv\u00e6rk English Defence League.<\/p>\n<p>Og Swedish Defence League har i ugerne op til demonstrationen den 21. maj flittigt fors\u00f8gt at samle opbakning til demonstrationen i G\u00f8teborg, blandt andre nationale Defence grupper som er oprettet p\u00e5 Facebook.<\/p>\n<p>Man regner s\u00e5ledes med, at der vil deltage medlemmer fra Danmark, Norge og Tyskland.<\/p>\n<p>English Defence League har de seneste to \u00e5r, form\u00e5et at organisere et stort antal britiske h\u00f8jreradikale hooligans og personer med hang til nynazistiske ideologier, til at g\u00e5 p\u00e5 gaden i London og Londons forst\u00e6der i h\u00f8jtr\u00e5bende demonstrationer, rettet mod is\u00e6r moskeer.<\/p>\n<p>Og der har ikke v\u00e6ret mangel p\u00e5 pressed\u00e6kning og forsider i britiske aviser, der alle er enige om, at English Defense League er et racistisk sammenrend, der opf\u00f8rer sig p\u00e5 samme frast\u00f8dende m\u00e5de, som 30ernes britiske fascister, der h\u00e6rgede i Londons j\u00f8diske kvartere og begik h\u00e6rv\u00e6rk mod synagoger og j\u00f8diske forretninger.<\/p>\n<p>English Defence League opt\u00f8jerne var s\u00e5 voldsomme i 2009 og i 2010 at flere britiske organisationer, herunder j\u00f8diske og kristne sammen med flere britiske politikere og ministre, gik ud i offentligheden og tog st\u00e6rkt afstand fra English Defence League.<\/p>\n<p>Men selv om der findes et utal af fotos og videoer af nazi-hilsner og racistiske tilr\u00e5b, blandt tilh\u00e6ngere af English Defence League, er det lykkedes netv\u00e6rket at eksportere deres h\u00f8jreradikale antimuslimske strategi til flere andre lande, herunder til Danmark og Sverige.<\/p>\n<p>Danmark har en gruppe af personer, alle med tilknytning til den omstridte st\u00e6rkt antimuslimske forening Stop Islamiseringen af Danmark, etableret Danish Defence League.<\/p>\n<p>Danish Defence League er f\u00f8rst og fremmest aktiv p\u00e5 internettet og besk\u00e6ftiger sig mest med at hverve danske h\u00f8jreradiakale og h\u00f8jrenationalister, til modstandkamp mod muslimer, is\u00e6r via det sociale netv\u00e6rk<br \/>\n\/\/facebook.com\/home.php =group_activity-Facebook<\/p>\n<p>Men der er ogs\u00e5 blevet &#8230;<\/p>\n<p>Reference<br \/>\n\/\/facebook.com\/home.php?sk=group_142901862412967=group_activit \/ Facebook<br \/>\nNetAvisen P77.dk<br \/>\n<a href=\"http:\/\/p77.dk\/radikalisering\/danmark\/501-danske-hojreekstremister-i-samlet-flok-pa-vej-til-sverige\"><span style=\"text-decoration: underline;\">Margrethe S. Hansen NetAvisen P77.dk \/radikalisering\/danmark\/ &#8211;  <\/span><\/a><\/p>\n<p>For yderlig l\u00e6sning<\/p>\n<p><a href=\"https:\/\/df-nyt.dk\/?p=21147\"><span style=\"text-decoration: underline;\">Anti-Mosk\u00e9-demostranter forventes kontrolret af Told og Skat<\/span><\/a><br \/>\n&nbsp;<br \/>\n<a href=\"https:\/\/df-nyt.dk\/?p=10599\"><span style=\"text-decoration: underline;\">Hvem er gruppen \u2018Danish Defence League\u2019?<\/span><\/a><br \/>\n&nbsp;<br \/>\n<a href=\"https:\/\/df-nyt.dk\/?p=10556\"><span style=\"text-decoration: underline;\">Anders Gravers og venner i nye kl\u00e6der<\/span><\/a><br \/>\n&nbsp;<br \/>\n<img loading=\"lazy\" decoding=\"async\" class=\"size-full alignnone\" title=\"120520111524\" src=\"https:\/\/df-nyt.dk\/\/wp-content\/uploads\/120520111524.png\" alt=\"\" width=\"476\" height=\"88\" \/><\/p>\n","protected":false},"excerpt":{"rendered":"<p>Danske h\u00f8jreekstremister vil i samlet flok til Sverige, for at deltage i en h\u00f8jreekstremistisk demonstration vendt imod ny moske i G\u00f8teborg. L\u00f8rdag den 21. maj ser ud til at blive en hadets dag i G\u00f8teborg, Sverige. Skriver Margrethe S. Hansen, NetAvisen P77.dk &#8211; -Og forts\u00e6tter Byen f\u00e5r nemlig den dag bes\u00f8g, af flere forskelige h\u00f8jreradikale [&hellip;]<\/p>\n","protected":false},"author":10,"featured_media":0,"comment_status":"open","ping_status":"closed","sticky":false,"template":"","format":"standard","meta":{"footnotes":""},"categories":[1],"tags":[],"class_list":["post-14947","post","type-post","status-publish","format-standard","hentry","category-df-nyt-dk"],"_links":{"self":[{"href":"https:\/\/df-nyt.dk\/blog\/wp-json\/wp\/v2\/posts\/14947","targetHints":{"allow":["GET"]}}],"collection":[{"href":"https:\/\/df-nyt.dk\/blog\/wp-json\/wp\/v2\/posts"}],"about":[{"href":"https:\/\/df-nyt.dk\/blog\/wp-json\/wp\/v2\/types\/post"}],"author":[{"embeddable":true,"href":"https:\/\/df-nyt.dk\/blog\/wp-json\/wp\/v2\/users\/10"}],"replies":[{"embeddable":true,"href":"https:\/\/df-nyt.dk\/blog\/wp-json\/wp\/v2\/comments?post=14947"}],"version-history":[{"count":2,"href":"https:\/\/df-nyt.dk\/blog\/wp-json\/wp\/v2\/posts\/14947\/revisions"}],"predecessor-version":[{"id":105541,"href":"https:\/\/df-nyt.dk\/blog\/wp-json\/wp\/v2\/posts\/14947\/revisions\/105541"}],"wp:attachment":[{"href":"https:\/\/df-nyt.dk\/blog\/wp-json\/wp\/v2\/media?parent=14947"}],"wp:term":[{"taxonomy":"category","embeddable":true,"href":"https:\/\/df-nyt.dk\/blog\/wp-json\/wp\/v2\/categories?post=14947"},{"taxonomy":"post_tag","embeddable":true,"href":"https:\/\/df-nyt.dk\/blog\/wp-json\/wp\/v2\/tags?post=14947"}],"curies":[{"name":"wp","href":"https:\/\/api.w.org\/{rel}","templated":true}]}}