{"id":14995,"date":"2011-01-14T14:10:08","date_gmt":"2011-01-14T13:10:08","guid":{"rendered":"http:\/\/df-nyt.dk\/?p=14995"},"modified":"2018-02-22T08:05:21","modified_gmt":"2018-02-22T07:05:21","slug":"december-var-den-v%c3%a6rste-maned-nogensinde","status":"publish","type":"post","link":"https:\/\/df-nyt.dk\/blog\/december-var-den-v%c3%a6rste-maned-nogensinde\/","title":{"rendered":"December var den v\u00e6rste m\u00e5ned nogensinde"},"content":{"rendered":"<p><strong><a href=\"https:\/\/df-nyt.dk\/blog\/wp-content\/uploads\/140120111408.png\"><img loading=\"lazy\" decoding=\"async\" class=\"alignleft size-full wp-image-14996\" title=\"140120111408\" src=\"https:\/\/df-nyt.dk\/blog\/wp-content\/uploads\/140120111408.png\" alt=\"\" width=\"206\" height=\"218\" \/><\/a><\/strong><\/p>\n<p>&nbsp;<\/p>\n<p>P\u00e5 den offentlige jobportal Jobnet.dk var der f\u00e6rre ledige job end p\u00e5 noget andet tidspunkt under krisen<\/p>\n<p>Det viser en opt\u00e6lling fra Arbejdsmarkedsstyrelsen.<\/p>\n<p>Det f\u00e5r Helge Pedersen, chef\u00f8konom i Nordea, til at sukke dybt.<\/p>\n<p>\u201dBilledet er relativt deprimerende,\u201d siger Helge Pedersen.<\/p>\n<p>\u201dDet viser, at jobbene ikke h\u00e6nger p\u00e5 tr\u00e6erne og arbejdsmarkedet stadig er presset.<\/p>\n<p>Og de job der bliver besat, sker via bekendte og bliver ikke sl\u00e5et op.\u201d<\/p>\n<p><strong> I Nordjylland<\/strong><br \/>\nI Frederikshavn er situationen h\u00e5bl\u00f8s for de arbejdsl\u00f8se.<\/p>\n<p><strong>Endnu et r\u00e6dsels\u00e5r<\/strong><br \/>\nIf\u00f8lge Nordea bliver 2011 endnu er r\u00e6dsels\u00e5r for de arbejdsl\u00f8se<\/p>\n<p><strong>Kilde: hjemmesiden behandlosordenligt.dk<\/strong><\/p>\n<p><a href=\"http:\/\/df-nyt.dk\/?page_id=4727\" target=\"_blank\" rel=\"noopener\"><span style=\"text-decoration: underline;\"><strong><br \/>\nSe ogs\u00e5 Jobbanken &#8230; HER<\/strong><\/span> <\/a><\/p>\n<p>&nbsp;<\/p>\n","protected":false},"excerpt":{"rendered":"<p>&nbsp; P\u00e5 den offentlige jobportal Jobnet.dk var der f\u00e6rre ledige job end p\u00e5 noget andet tidspunkt under krisen Det viser en opt\u00e6lling fra Arbejdsmarkedsstyrelsen. Det f\u00e5r Helge Pedersen, chef\u00f8konom i Nordea, til at sukke dybt. \u201dBilledet er relativt deprimerende,\u201d siger Helge Pedersen. \u201dDet viser, at jobbene ikke h\u00e6nger p\u00e5 tr\u00e6erne og arbejdsmarkedet stadig er presset. [&hellip;]<\/p>\n","protected":false},"author":10,"featured_media":0,"comment_status":"open","ping_status":"closed","sticky":false,"template":"","format":"standard","meta":{"footnotes":""},"categories":[1],"tags":[],"class_list":["post-14995","post","type-post","status-publish","format-standard","hentry","category-df-nyt-dk"],"_links":{"self":[{"href":"https:\/\/df-nyt.dk\/blog\/wp-json\/wp\/v2\/posts\/14995","targetHints":{"allow":["GET"]}}],"collection":[{"href":"https:\/\/df-nyt.dk\/blog\/wp-json\/wp\/v2\/posts"}],"about":[{"href":"https:\/\/df-nyt.dk\/blog\/wp-json\/wp\/v2\/types\/post"}],"author":[{"embeddable":true,"href":"https:\/\/df-nyt.dk\/blog\/wp-json\/wp\/v2\/users\/10"}],"replies":[{"embeddable":true,"href":"https:\/\/df-nyt.dk\/blog\/wp-json\/wp\/v2\/comments?post=14995"}],"version-history":[{"count":0,"href":"https:\/\/df-nyt.dk\/blog\/wp-json\/wp\/v2\/posts\/14995\/revisions"}],"wp:attachment":[{"href":"https:\/\/df-nyt.dk\/blog\/wp-json\/wp\/v2\/media?parent=14995"}],"wp:term":[{"taxonomy":"category","embeddable":true,"href":"https:\/\/df-nyt.dk\/blog\/wp-json\/wp\/v2\/categories?post=14995"},{"taxonomy":"post_tag","embeddable":true,"href":"https:\/\/df-nyt.dk\/blog\/wp-json\/wp\/v2\/tags?post=14995"}],"curies":[{"name":"wp","href":"https:\/\/api.w.org\/{rel}","templated":true}]}}