{"id":15030,"date":"2011-01-15T09:41:17","date_gmt":"2011-01-15T08:41:17","guid":{"rendered":"http:\/\/df-nyt.dk\/?p=15030"},"modified":"2013-03-03T20:18:30","modified_gmt":"2013-03-03T19:18:30","slug":"brandstiftelser-mod-moskeer-i-berlin-forts%c3%a6tter","status":"publish","type":"post","link":"https:\/\/df-nyt.dk\/blog\/brandstiftelser-mod-moskeer-i-berlin-forts%c3%a6tter\/","title":{"rendered":"Brandstiftelser mod moskeer i Berlin forts\u00e6tter"},"content":{"rendered":"<p><strong><a href=\"https:\/\/df-nyt.dk\/blog\/wp-content\/uploads\/150120110935.png\"><img loading=\"lazy\" decoding=\"async\" class=\"alignleft size-full wp-image-15031\" title=\"150120110935\" alt=\"\" src=\"https:\/\/df-nyt.dk\/blog\/wp-content\/uploads\/150120110935.png\" width=\"234\" height=\"207\" \/><\/a><\/strong><\/p>\n<p><strong>Politiet i Berlin efterforsker et fors\u00f8g brandstiftelse p\u00e5 en moske i den tyske hovedstad, efter en forbipasserende mand opdagede flammer ved indgangen tidlig l\u00f8rdag morgen i sidste uge.<\/strong><\/p>\n<p>Det skriver den tyske engelsksprogede onlineavis The Local 8. januar.<\/p>\n<p>Politiets efterforskere fortalte l\u00f8rdag, at der var efterladt en besked p\u00e5 gerningsstedet i Ahmadiyya-kvarteret i bydelen Wilmersdorf i Berlin, men ville ikke afsl\u00f8re hvad der stod.<\/p>\n<p>Nogen havde sat indgangen til moskeen i brand, men den forbipasserende bem\u00e6rkede flammer omkring 1:45 l\u00f8rdag og gik selv i gang med at slukke flammerne.<\/p>\n<p>Da politiet ankom, slukkede de ilden med en brandslukker fra deres bil.<\/p>\n<p><strong>Skriver Christian Rask p\u00e5 NetAvisen P77 &#8230; <a href=\"http:\/\/www.p77.dk\/radikalisering\/internationalt\/394-brandstiftelser-mod-moskeer-i-berlin-fortsaetter\">L\u00e6s mere HER <\/a><\/strong><\/p>\n<p><strong>For yderlig l\u00e6sning.<\/strong><\/p>\n<p><span style=\"text-decoration: underline;\"><strong><a href=\"http:\/\/shansensblog.blogspot.com\/2010\/02\/nar-dfer-hader-ja-til-stormoskeer.html\">N\u00e5r DFer hader: Ja til stormoskeer udl\u00f8ser terror og chikane trussler mod danske muslimer<\/a><\/strong><\/span><\/p>\n<p><span style=\"text-decoration: underline;\"><a href=\"http:\/\/df-nyt.dk\/?p=8770\"><strong>Tysklands \u00e6ldste mosk\u00e9 er Wilmersdorf-mosk\u00e9en i Berlin, bygget mellem 1924 og 1928<\/strong><\/a><\/span><strong>\u00a0<\/strong><\/p>\n","protected":false},"excerpt":{"rendered":"<p>Politiet i Berlin efterforsker et fors\u00f8g brandstiftelse p\u00e5 en moske i den tyske hovedstad, efter en forbipasserende mand opdagede flammer ved indgangen tidlig l\u00f8rdag morgen i sidste uge. Det skriver den tyske engelsksprogede onlineavis The Local 8. januar. Politiets efterforskere fortalte l\u00f8rdag, at der var efterladt en besked p\u00e5 gerningsstedet i Ahmadiyya-kvarteret i bydelen Wilmersdorf [&hellip;]<\/p>\n","protected":false},"author":10,"featured_media":0,"comment_status":"open","ping_status":"closed","sticky":false,"template":"","format":"standard","meta":{"footnotes":""},"categories":[1],"tags":[],"class_list":["post-15030","post","type-post","status-publish","format-standard","hentry","category-df-nyt-dk"],"_links":{"self":[{"href":"https:\/\/df-nyt.dk\/blog\/wp-json\/wp\/v2\/posts\/15030","targetHints":{"allow":["GET"]}}],"collection":[{"href":"https:\/\/df-nyt.dk\/blog\/wp-json\/wp\/v2\/posts"}],"about":[{"href":"https:\/\/df-nyt.dk\/blog\/wp-json\/wp\/v2\/types\/post"}],"author":[{"embeddable":true,"href":"https:\/\/df-nyt.dk\/blog\/wp-json\/wp\/v2\/users\/10"}],"replies":[{"embeddable":true,"href":"https:\/\/df-nyt.dk\/blog\/wp-json\/wp\/v2\/comments?post=15030"}],"version-history":[{"count":0,"href":"https:\/\/df-nyt.dk\/blog\/wp-json\/wp\/v2\/posts\/15030\/revisions"}],"wp:attachment":[{"href":"https:\/\/df-nyt.dk\/blog\/wp-json\/wp\/v2\/media?parent=15030"}],"wp:term":[{"taxonomy":"category","embeddable":true,"href":"https:\/\/df-nyt.dk\/blog\/wp-json\/wp\/v2\/categories?post=15030"},{"taxonomy":"post_tag","embeddable":true,"href":"https:\/\/df-nyt.dk\/blog\/wp-json\/wp\/v2\/tags?post=15030"}],"curies":[{"name":"wp","href":"https:\/\/api.w.org\/{rel}","templated":true}]}}