{"id":15240,"date":"2011-01-18T08:53:22","date_gmt":"2011-01-18T07:53:22","guid":{"rendered":"http:\/\/df-nyt.dk\/?p=15240"},"modified":"2024-11-01T18:05:08","modified_gmt":"2024-11-01T17:05:08","slug":"logne-tilladt-for-venstreministre-hvor-er-pressen","status":"publish","type":"post","link":"https:\/\/df-nyt.dk\/blog\/logne-tilladt-for-venstreministre-hvor-er-pressen\/","title":{"rendered":"L\u00f8gn(e) tilladt for venstreministre \u2013 Hvor er pressen?"},"content":{"rendered":"<p><img loading=\"lazy\" decoding=\"async\" class=\"alignleft \" src=\"https:\/\/df-nyt.dk\/wp-content\/uploads\/180120110850.png\" alt=\"\" width=\"197\" height=\"106\" \/><\/p>\n<p>Hvor er pressen og hvorfor lader de magthaverne i Venstre manipulere efter godt-befindende? Skriver Lars Jakobsen p\u00e5 Bloggen Upstairs and Downstairs<\/p>\n<p>-Og forts\u00e6tter<br \/>\nHvor er boulevardpressen fra Ekstra Bladet og BT med overskrifter p\u00e5 forsiden om disse l\u00f8gne?<br \/>\nDe holder sig normalt ikke tilbage, men det g\u00f8r de i L\u00f8kke og Hjorts tilf\u00e6lde.<\/p>\n<p>Jeg undres og bekymres for demokratiet.<br \/>\nDet er en skandale at venstre-minister kan br\u00e6nde den ene l\u00f8gn af efter den anden for \u00e5ben sk\u00e6rm.<\/p>\n<p>Lene Espersen (K) blev trukket igennem hele svineriet for sin l\u00f8gn,<br \/>\nmen hvorfor bliver Hjort, L\u00f8kke og de \u00f8vrige venstre-minister ikke?<\/p>\n<p>Reference<br \/>\nBloggen \/\/Upstairs_and_Downstairs.dk<\/p>\n<p>For yderlig l\u00e6sning<\/p>\n<p><a href=\"https:\/\/df-nyt.dk\/?p=15145\/\" target=\"_blank\" rel=\"noopener noreferrer\"><span style=\"text-decoration: underline;\">Det handler om menneskesyn og ideologi<\/span><\/a><\/p>\n","protected":false},"excerpt":{"rendered":"<p>Hvor er pressen og hvorfor lader de magthaverne i Venstre manipulere efter godt-befindende? Skriver Lars Jakobsen p\u00e5 Bloggen Upstairs and Downstairs -Og forts\u00e6tter Hvor er boulevardpressen fra Ekstra Bladet og BT med overskrifter p\u00e5 forsiden om disse l\u00f8gne? De holder sig normalt ikke tilbage, men det g\u00f8r de i L\u00f8kke og Hjorts tilf\u00e6lde. Jeg undres [&hellip;]<\/p>\n","protected":false},"author":10,"featured_media":0,"comment_status":"open","ping_status":"closed","sticky":false,"template":"","format":"standard","meta":{"footnotes":""},"categories":[1],"tags":[],"class_list":["post-15240","post","type-post","status-publish","format-standard","hentry","category-df-nyt-dk"],"_links":{"self":[{"href":"https:\/\/df-nyt.dk\/blog\/wp-json\/wp\/v2\/posts\/15240","targetHints":{"allow":["GET"]}}],"collection":[{"href":"https:\/\/df-nyt.dk\/blog\/wp-json\/wp\/v2\/posts"}],"about":[{"href":"https:\/\/df-nyt.dk\/blog\/wp-json\/wp\/v2\/types\/post"}],"author":[{"embeddable":true,"href":"https:\/\/df-nyt.dk\/blog\/wp-json\/wp\/v2\/users\/10"}],"replies":[{"embeddable":true,"href":"https:\/\/df-nyt.dk\/blog\/wp-json\/wp\/v2\/comments?post=15240"}],"version-history":[{"count":2,"href":"https:\/\/df-nyt.dk\/blog\/wp-json\/wp\/v2\/posts\/15240\/revisions"}],"predecessor-version":[{"id":106347,"href":"https:\/\/df-nyt.dk\/blog\/wp-json\/wp\/v2\/posts\/15240\/revisions\/106347"}],"wp:attachment":[{"href":"https:\/\/df-nyt.dk\/blog\/wp-json\/wp\/v2\/media?parent=15240"}],"wp:term":[{"taxonomy":"category","embeddable":true,"href":"https:\/\/df-nyt.dk\/blog\/wp-json\/wp\/v2\/categories?post=15240"},{"taxonomy":"post_tag","embeddable":true,"href":"https:\/\/df-nyt.dk\/blog\/wp-json\/wp\/v2\/tags?post=15240"}],"curies":[{"name":"wp","href":"https:\/\/api.w.org\/{rel}","templated":true}]}}