{"id":15256,"date":"2011-01-18T11:42:51","date_gmt":"2011-01-18T10:42:51","guid":{"rendered":"http:\/\/df-nyt.dk\/?p=15256"},"modified":"2015-12-05T09:03:10","modified_gmt":"2015-12-05T08:03:10","slug":"sf-siger-nej-til-nedskaeringer-pa-professionshojskoler","status":"publish","type":"post","link":"https:\/\/df-nyt.dk\/blog\/sf-siger-nej-til-nedskaeringer-pa-professionshojskoler\/","title":{"rendered":"SF siger nej til nedsk\u00e6ringer p\u00e5 professionsh\u00f8jskoler"},"content":{"rendered":"<p><strong>SF siger nej til nedsk\u00e6ringer p\u00e5 professionsh\u00f8jskoler<\/strong><br \/>\n<strong><a href=\"https:\/\/df-nyt.dk\/blog\/wp-content\/uploads\/180120111141.png\"><img loading=\"lazy\" decoding=\"async\" class=\"alignleft size-full wp-image-15257\" title=\"180120111141\" src=\"https:\/\/df-nyt.dk\/blog\/wp-content\/uploads\/180120111141.png\" alt=\"\" width=\"276\" height=\"187\" \/><\/a><\/strong><\/p>\n<p><strong>Regeringens nedsk\u00e6ringer p\u00e5 professionsuddannelserne, der netop nu bliver gennemf\u00f8rt, giver problemer for fremtidens velf\u00e6rdssamfund, mener SF&#8217;s uddannelsesordf\u00f8rer Nanna Westerby.<\/strong><\/p>\n<p>Skriver SF i en pressemedelse\u00a0&#8211; Og forts\u00e6tter b.la. med f\u00f8lgende.<\/p>\n<p><strong>Hun st\u00f8tter de studerende p\u00e5 Zahles seminarium, der i dag nedl\u00e6gger undervisningen i protest.<\/strong><\/p>\n<p>SF og Socialdemokraterne vil annullere regeringens nedsk\u00e6ringer p\u00e5 professionsh\u00f8jskolerne.<\/p>\n<p>De to partier har derudover i deres finanslovsforslag afsat 0,6 mia. kr. til de videreg\u00e5ende uddannelser.<\/p>\n<p>&#8220;Det er hul i hovedet at sk\u00e6re ned p\u00e5 fremtidens folkeskolel\u00e6rere, p\u00e6dagoger og sygeplejersker.<\/p>\n<p>Den offentlige sektor f\u00e5r brug for topkvalificerede medarbejdere, og vi skal g\u00f8re alt for at tiltr\u00e6kke flere unge til netop disse fag.<\/p>\n<p>Regeringens nedsk\u00e6ringer er et tigerspring den forkerte vej. SF vil stoppe de nedsk\u00e6ringer, det sekund vi f\u00e5r muligheden&#8221;, siger uddannelsesordf\u00f8reren.<\/p>\n<p>Nanna Westerby peger p\u00e5, at vi netop nu kan se konsekvenserne af af nedsk\u00e6ringerne:<\/p>\n<p>&#8220;Nu ser vi fyringer blandt underviserne p\u00e5 professionsh\u00f8jskolerne.<\/p>\n<p>Konsekvensen af regeringens politik er st\u00f8rre hold og f\u00e6rre timer:<\/p>\n<p>Med andre ord forringet undervisningskvalitet.<\/p>\n<p>Danmark har simpelthen ikke r\u00e5d til p\u00e5 den m\u00e5de at spille hasard med kvaliteten af fremtidens arbejdskraft.&#8221;, siger Nanna Westerby.<\/p>\n<p>SF og Socialdemokraterne har sammen fremlagt et finanslovsudspil, der annullerer nedsk\u00e6ringerne og indeb\u00e6rer et \u00f8konomisk l\u00f8ft til de videreg\u00e5ende uddannelser p\u00e5 0,6 mia. kr.<\/p>\n<p>De \u00f8gede midler skal sikre mere undervisning og mindre hold p\u00e5 uddannelserne. Skriver SF i en pressemeddelse.<\/p>\n<p><span style=\"text-decoration: underline;\"><strong><a href=\"http:\/\/www.sf.dk\/presse\/nyheder\"> L\u00e6s flere nyheder fra SF &#8230; HER <\/a><\/strong><\/span><\/p>\n<hr \/>\n<p><strong>L\u00e6s ogs\u00e5:<\/strong><\/p>\n<p><span style=\"text-decoration: underline;\"><strong><a href=\"http:\/\/df-nyt.dk\/?p=12323\">Regeringen og DF forst\u00e5r godt de frustrerede elever fra professionsh\u00f8jskolerne, men kassen er tom <\/a><\/strong><\/span><\/p>\n<p><span style=\"text-decoration: underline;\"><strong><a href=\"http:\/\/df-nyt.dk\/?p=12421\">50 afskediges p\u00e5 Professionsh\u00f8jskolen Metropol <\/a><\/strong><\/span><\/p>\n<p><strong>********************************************************<\/strong><\/p>\n","protected":false},"excerpt":{"rendered":"<p>SF siger nej til nedsk\u00e6ringer p\u00e5 professionsh\u00f8jskoler Regeringens nedsk\u00e6ringer p\u00e5 professionsuddannelserne, der netop nu bliver gennemf\u00f8rt, giver problemer for fremtidens velf\u00e6rdssamfund, mener SF&#8217;s uddannelsesordf\u00f8rer Nanna Westerby. Skriver SF i en pressemedelse\u00a0&#8211; Og forts\u00e6tter b.la. med f\u00f8lgende. Hun st\u00f8tter de studerende p\u00e5 Zahles seminarium, der i dag nedl\u00e6gger undervisningen i protest. SF og Socialdemokraterne vil annullere [&hellip;]<\/p>\n","protected":false},"author":10,"featured_media":0,"comment_status":"open","ping_status":"closed","sticky":false,"template":"","format":"standard","meta":{"footnotes":""},"categories":[1],"tags":[],"class_list":["post-15256","post","type-post","status-publish","format-standard","hentry","category-df-nyt-dk"],"_links":{"self":[{"href":"https:\/\/df-nyt.dk\/blog\/wp-json\/wp\/v2\/posts\/15256","targetHints":{"allow":["GET"]}}],"collection":[{"href":"https:\/\/df-nyt.dk\/blog\/wp-json\/wp\/v2\/posts"}],"about":[{"href":"https:\/\/df-nyt.dk\/blog\/wp-json\/wp\/v2\/types\/post"}],"author":[{"embeddable":true,"href":"https:\/\/df-nyt.dk\/blog\/wp-json\/wp\/v2\/users\/10"}],"replies":[{"embeddable":true,"href":"https:\/\/df-nyt.dk\/blog\/wp-json\/wp\/v2\/comments?post=15256"}],"version-history":[{"count":0,"href":"https:\/\/df-nyt.dk\/blog\/wp-json\/wp\/v2\/posts\/15256\/revisions"}],"wp:attachment":[{"href":"https:\/\/df-nyt.dk\/blog\/wp-json\/wp\/v2\/media?parent=15256"}],"wp:term":[{"taxonomy":"category","embeddable":true,"href":"https:\/\/df-nyt.dk\/blog\/wp-json\/wp\/v2\/categories?post=15256"},{"taxonomy":"post_tag","embeddable":true,"href":"https:\/\/df-nyt.dk\/blog\/wp-json\/wp\/v2\/tags?post=15256"}],"curies":[{"name":"wp","href":"https:\/\/api.w.org\/{rel}","templated":true}]}}