{"id":15264,"date":"2011-01-18T11:57:15","date_gmt":"2011-01-18T10:57:15","guid":{"rendered":"http:\/\/df-nyt.dk\/?p=15264"},"modified":"2024-10-20T19:42:23","modified_gmt":"2024-10-20T17:42:23","slug":"sf-specialuddannede-politibetjente-skal-jage-hadforbrydere","status":"publish","type":"post","link":"https:\/\/df-nyt.dk\/blog\/sf-specialuddannede-politibetjente-skal-jage-hadforbrydere\/","title":{"rendered":"SF: Specialuddannede politibetjente skal jage hadforbrydere"},"content":{"rendered":"<p><img loading=\"lazy\" decoding=\"async\" class=\"alignleft size-full \" src=\"https:\/\/df-nyt.dk\/wp-content\/uploads\/180120111156.png\" alt=\"\" width=\"276\" height=\"206\" \/><\/p>\n<p>SF foresl\u00e5r, at der oprettes en ny politienhed, som skal hj\u00e6lpe med at opklare forbrydelser, hvor det er offerets religion, hudfarve eller seksualitet, som er \u00e5rsag til forbrydelsen.<\/p>\n<p>Forslaget kommer efter oplysninger om, at antallet af hadforbrydelser mod danske j\u00f8der er stigende.<\/p>\n<p>Hadforbrydelser rammer fuldst\u00e6ndig vilk\u00e5rligt.<br \/>\nPersoner som er i fare udelukkende p\u00e5 grund af deres udseende eller overbevisning.<\/p>\n<p>Det er uacceptabelt, siger SF\u2019s ligestillingsordf\u00f8rer Kamal Qureshi.<\/p>\n<p>Gerningsm\u00e6nd slipper for billigt<br \/>\nJustitsministeriets offerunders\u00f8gelser vurderer, der hvert \u00e5r er ca. 16.000 danskere, som uds\u00e6ttes for en voldelig hadforbrydelse.<\/p>\n<p>Men ved sidste opg\u00f8relse blev kun 10 gerningsm\u00e6nd anklaget efter den den s\u00e6rlige paragraf, som medf\u00f8rer strafsk\u00e6rpelse, n\u00e5r der er tale om en hadforbrydelser.<\/p>\n<p>Antallet af registrerede sager er langt fra d\u00e6kkende for det antal af hadforbrydelser, der beg\u00e5s i Danmark. Manglende registrering betyder, vi ikke ved, hvor vi skal s\u00e6tte ind, siger SF&#8217;s Kamal Qureshi<\/p>\n<p>Den centrale enhed skal have specialiseret personale, som yder r\u00e5dgivning til politi og anklagemyndighed omkring efterforskning og forberedelse af retssager i forbindelse med hadforbrydelser. Skriver SF i sin pressemeddelelse.<\/p>\n<p>For yderlig l\u00e6sning<\/p>\n<p><a href=\"http:\/\/sf.dk\/\" target=\"_blank\" rel=\"noopener noreferrer\"><span style=\"text-decoration: underline\">Seneste nyt fra SF<\/span><\/a><br \/>\n&nbsp;<\/p>\n","protected":false},"excerpt":{"rendered":"<p>SF foresl\u00e5r, at der oprettes en ny politienhed, som skal hj\u00e6lpe med at opklare forbrydelser, hvor det er offerets religion, hudfarve eller seksualitet, som er \u00e5rsag til forbrydelsen. Forslaget kommer efter oplysninger om, at antallet af hadforbrydelser mod danske j\u00f8der er stigende. Hadforbrydelser rammer fuldst\u00e6ndig vilk\u00e5rligt. Personer som er i fare udelukkende p\u00e5 grund af [&hellip;]<\/p>\n","protected":false},"author":10,"featured_media":0,"comment_status":"open","ping_status":"closed","sticky":false,"template":"","format":"standard","meta":{"footnotes":""},"categories":[1],"tags":[],"class_list":["post-15264","post","type-post","status-publish","format-standard","hentry","category-df-nyt-dk"],"_links":{"self":[{"href":"https:\/\/df-nyt.dk\/blog\/wp-json\/wp\/v2\/posts\/15264","targetHints":{"allow":["GET"]}}],"collection":[{"href":"https:\/\/df-nyt.dk\/blog\/wp-json\/wp\/v2\/posts"}],"about":[{"href":"https:\/\/df-nyt.dk\/blog\/wp-json\/wp\/v2\/types\/post"}],"author":[{"embeddable":true,"href":"https:\/\/df-nyt.dk\/blog\/wp-json\/wp\/v2\/users\/10"}],"replies":[{"embeddable":true,"href":"https:\/\/df-nyt.dk\/blog\/wp-json\/wp\/v2\/comments?post=15264"}],"version-history":[{"count":2,"href":"https:\/\/df-nyt.dk\/blog\/wp-json\/wp\/v2\/posts\/15264\/revisions"}],"predecessor-version":[{"id":105844,"href":"https:\/\/df-nyt.dk\/blog\/wp-json\/wp\/v2\/posts\/15264\/revisions\/105844"}],"wp:attachment":[{"href":"https:\/\/df-nyt.dk\/blog\/wp-json\/wp\/v2\/media?parent=15264"}],"wp:term":[{"taxonomy":"category","embeddable":true,"href":"https:\/\/df-nyt.dk\/blog\/wp-json\/wp\/v2\/categories?post=15264"},{"taxonomy":"post_tag","embeddable":true,"href":"https:\/\/df-nyt.dk\/blog\/wp-json\/wp\/v2\/tags?post=15264"}],"curies":[{"name":"wp","href":"https:\/\/api.w.org\/{rel}","templated":true}]}}