{"id":15268,"date":"2011-01-18T12:13:49","date_gmt":"2011-01-18T11:13:49","guid":{"rendered":"http:\/\/df-nyt.dk\/?p=15268"},"modified":"2025-07-17T20:27:05","modified_gmt":"2025-07-17T18:27:05","slug":"15268","status":"publish","type":"post","link":"https:\/\/df-nyt.dk\/blog\/15268\/","title":{"rendered":"R: Bertel Haarder m\u00e5 redeg\u00f8re for l\u00e6gers d\u00f8dsdomme"},"content":{"rendered":"<p><img loading=\"lazy\" decoding=\"async\" class=\"alignleft size-full \" title=\"180120111213\" src=\"https:\/\/df-nyt.dk\/blog\/wp-content\/uploads\/180120111213.png\" alt=\"\" width=\"251\" height=\"122\" \/><\/p>\n<p>P\u00e5 Herlev Sygehus n\u00e6gter visse l\u00e6ger patienter muligheden for intensivbehandling, blot fordi de bruger rollator.<\/p>\n<p>Det strider mod l\u00e6gel\u00f8ftet, g\u00e6ldende regler og menneskelig anst\u00e6ndighed, men skyldes at sundhedsv\u00e6snet er presset til de yderste af regeringen.<\/p>\n<p>Det mener Radikale Venstres sundhedsordf\u00f8rer Manu Sareen, der nu kr\u00e6ver en redeg\u00f8relse fra Bertel Haarder. Skriver Det Radikale Venstres i sin pressemeddelelse<br \/>\n\u2013 og fors\u00e6tter<br \/>\n&#8220;De s\u00f8rgelige historier om patienter, hvis liv l\u00e6gerne p\u00e5 Herlev Sygehus ikke d\u00f8mmer v\u00e6rdifulde nok til at redde, blot fordi patienterne er rollatorbrugere, er udtryk for, at det danske sygehusv\u00e6sen i dag er presset til det yderste.<\/p>\n<p>I 10 \u00e5r har regeringen vredet armen om p\u00e5 sundhedssektoren, fyret ansatte, udstedt bureaukratiske garantier osv., og her er et af symptomerne.<\/p>\n<p>Vi bliver n\u00f8dt til at tage en bred politisk diskussion af prioriteringen af midlerne i sundhedsv\u00e6senet omg\u00e5ende. For det er p\u00e5 ingen m\u00e5de en prioritering, l\u00e6gerne skal foretage. De skal helbrede og redde liv,&#8221; siger Manu Sareen.<\/p>\n<p>Han vil nu kr\u00e6ve, at sundhedsminister Bertel Haarder redeg\u00f8r for sagen:<\/p>\n<p>&#8220;Radikale Venstre vil kr\u00e6ve, at Bertel Haarder redeg\u00f8r for problemets omfang.<\/p>\n<p>Begr\u00e6nser disse rollator-d\u00f8dsdomme sig kun til Herlev Sygehus, eller oplever andre patienter rundt omkring i landet det samme?<\/p>\n<p>Og hvordan har man t\u00e6nkt sig at s\u00e6tte en stopper for problemet?<\/p>\n<p>Det skylder Bertel Haarder og regeringen, som nu har siddet med ansvaret for det danske sundhedsv\u00e6sen i 10 \u00e5r, danskerne et svar p\u00e5,&#8221; siger Manu Sareen. Skriver de Radikale i sin pressemeddelse.<br \/>\n\/\/www.radikale.dk\/  Du kan l\u00e6se flere nyheder fra de radikale der<\/p>\n","protected":false},"excerpt":{"rendered":"<p>P\u00e5 Herlev Sygehus n\u00e6gter visse l\u00e6ger patienter muligheden for intensivbehandling, blot fordi de bruger rollator. Det strider mod l\u00e6gel\u00f8ftet, g\u00e6ldende regler og menneskelig anst\u00e6ndighed, men skyldes at sundhedsv\u00e6snet er presset til de yderste af regeringen. Det mener Radikale Venstres sundhedsordf\u00f8rer Manu Sareen, der nu kr\u00e6ver en redeg\u00f8relse fra Bertel Haarder. Skriver Det Radikale Venstres i [&hellip;]<\/p>\n","protected":false},"author":10,"featured_media":0,"comment_status":"open","ping_status":"closed","sticky":false,"template":"","format":"standard","meta":{"footnotes":""},"categories":[1],"tags":[],"class_list":["post-15268","post","type-post","status-publish","format-standard","hentry","category-df-nyt-dk"],"_links":{"self":[{"href":"https:\/\/df-nyt.dk\/blog\/wp-json\/wp\/v2\/posts\/15268","targetHints":{"allow":["GET"]}}],"collection":[{"href":"https:\/\/df-nyt.dk\/blog\/wp-json\/wp\/v2\/posts"}],"about":[{"href":"https:\/\/df-nyt.dk\/blog\/wp-json\/wp\/v2\/types\/post"}],"author":[{"embeddable":true,"href":"https:\/\/df-nyt.dk\/blog\/wp-json\/wp\/v2\/users\/10"}],"replies":[{"embeddable":true,"href":"https:\/\/df-nyt.dk\/blog\/wp-json\/wp\/v2\/comments?post=15268"}],"version-history":[{"count":7,"href":"https:\/\/df-nyt.dk\/blog\/wp-json\/wp\/v2\/posts\/15268\/revisions"}],"predecessor-version":[{"id":109147,"href":"https:\/\/df-nyt.dk\/blog\/wp-json\/wp\/v2\/posts\/15268\/revisions\/109147"}],"wp:attachment":[{"href":"https:\/\/df-nyt.dk\/blog\/wp-json\/wp\/v2\/media?parent=15268"}],"wp:term":[{"taxonomy":"category","embeddable":true,"href":"https:\/\/df-nyt.dk\/blog\/wp-json\/wp\/v2\/categories?post=15268"},{"taxonomy":"post_tag","embeddable":true,"href":"https:\/\/df-nyt.dk\/blog\/wp-json\/wp\/v2\/tags?post=15268"}],"curies":[{"name":"wp","href":"https:\/\/api.w.org\/{rel}","templated":true}]}}