{"id":15281,"date":"2011-01-18T18:14:27","date_gmt":"2011-01-18T17:14:27","guid":{"rendered":"http:\/\/df-nyt.dk\/?p=15281"},"modified":"2026-01-17T15:33:58","modified_gmt":"2026-01-17T14:33:58","slug":"ingen-uniformer-ved-tvangsindl%c3%a6ggelser","status":"publish","type":"post","link":"https:\/\/df-nyt.dk\/blog\/ingen-uniformer-ved-tvangsindl%c3%a6ggelser\/","title":{"rendered":"Ingen uniformer ved tvangsindl\u00e6ggelser"},"content":{"rendered":"<p><img loading=\"lazy\" decoding=\"async\" class=\"alignleft size-full\" title=\"281020101421\" src=\"https:\/\/df-nyt.dk\/blog\/wp-content\/uploads\/281020101421.png\" alt=\"\" width=\"141\" height=\"50\" \/><\/p>\n<p>N\u00e5r et menneske skal tvangsindl\u00e6gges pga. psykisk sygdom, sker det i dag ofte med politiets medvirken.<\/p>\n<p>Det har medf\u00f8rt, at der har v\u00e6ret en r\u00e6kke episoder, hvor mennesker med psykisk sygdom har mistet livet, blandt andet fordi de har f\u00f8lt sig truet. Skriver de radikale i en pressemeddelelse<\/p>\n<p> &#8211; og forts\u00e6tter.<br \/>\nBrug af uniformerede betjente i disse situationer skal s\u00e6ttes betydeligt ned eller helt stoppes, hvis det st\u00e5r til Radikale Venstres psykiatriordf\u00f8rer, Anne Marie Geisler Andersen.<\/p>\n<p>&#8220;Jeg frygter, at det kan v\u00e6re med til at opildne situationen, n\u00e5r politiet kommer i uniform.<\/p>\n<p>De fleste mennesker vil formentlig finde det ubehageligt eller skr\u00e6mmende, hvis politiet pludselig tropper p\u00e5 ved deres d\u00f8r.<\/p>\n<p>Og hvis man s\u00e5 oven i k\u00f8bet er lidt psykotisk eller paranoid, skal der ikke megen fantasi til at forestille sig, at det kan f\u00e5 yderst uheldige konsekvenser og fremkalde en voldsom reaktion fra den syge,&#8221; siger Anne Marie Geisler Andersen.<\/p>\n<p>Af loven fremg\u00e5r det, at politiet s\u00e5 vidt muligt skal komme i civil.<\/p>\n<p>Dette g\u00e6lder b\u00e5de med hensyn til tvangsindl\u00e6ggelser, og hvad ang\u00e5r ambulant tvang.<\/p>\n<p>Imidlertid h\u00f8rer man ofte fra ansatte i psykiatrien og i politiet, at dette langt fra altid er tilf\u00e6ldet.<\/p>\n<p>Det kunne ligefrem tyde p\u00e5, at det snarere er reglen end undtagelsen, at politiet kommer i uniform.<\/p>\n<p>&#8220;D\u00f8dsfald er meget tragisk, og vi b\u00f8r g\u00f8re alt, hvad vi kan for at forhindre, at det ender s\u00e5dan, n\u00e5r politiet medvirker ved tvangsud\u00f8velse.<\/p>\n<p>Et af de forhol d som vil kunne medvirke til dette er, hvis politiet ankommer civilkl\u00e6dt frem for i uniform,&#8221; siger Anne Marie Geisler Andersen.<\/p>\n<p>&#8220;Hvordan vi hindrer en un\u00f8dig eskalation i pressede situationer, vil jeg tage en dr\u00f8ftelse med justitsministeren om.<\/p>\n<p>Vi skal finde ud af, hvilken vej der er mest farbar og giver de bedste resultater.<\/p>\n<p>I f\u00f8rste omgang kunne det v\u00e6re en registrering af, hvordan politiet reelt handler i disse situationer, og om loven rent faktisk bliver f\u00f8rt ud i livet,&#8221; siger Anne Marie Geisler Andersen. If\u00f8lge en pressemeddelse fra de Radikale.<\/p>\n<p>\/\/.radikale.dk\/  &#8211; L\u00e6s flere nyheder fra de Radikale &#8230; der<br \/>\n*********************************************<\/p>\n","protected":false},"excerpt":{"rendered":"<p>N\u00e5r et menneske skal tvangsindl\u00e6gges pga. psykisk sygdom, sker det i dag ofte med politiets medvirken. Det har medf\u00f8rt, at der har v\u00e6ret en r\u00e6kke episoder, hvor mennesker med psykisk sygdom har mistet livet, blandt andet fordi de har f\u00f8lt sig truet. Skriver de radikale i en pressemeddelelse &#8211; og forts\u00e6tter. Brug af uniformerede betjente [&hellip;]<\/p>\n","protected":false},"author":10,"featured_media":0,"comment_status":"open","ping_status":"closed","sticky":false,"template":"","format":"standard","meta":{"footnotes":""},"categories":[1],"tags":[],"class_list":["post-15281","post","type-post","status-publish","format-standard","hentry","category-df-nyt-dk"],"_links":{"self":[{"href":"https:\/\/df-nyt.dk\/blog\/wp-json\/wp\/v2\/posts\/15281","targetHints":{"allow":["GET"]}}],"collection":[{"href":"https:\/\/df-nyt.dk\/blog\/wp-json\/wp\/v2\/posts"}],"about":[{"href":"https:\/\/df-nyt.dk\/blog\/wp-json\/wp\/v2\/types\/post"}],"author":[{"embeddable":true,"href":"https:\/\/df-nyt.dk\/blog\/wp-json\/wp\/v2\/users\/10"}],"replies":[{"embeddable":true,"href":"https:\/\/df-nyt.dk\/blog\/wp-json\/wp\/v2\/comments?post=15281"}],"version-history":[{"count":2,"href":"https:\/\/df-nyt.dk\/blog\/wp-json\/wp\/v2\/posts\/15281\/revisions"}],"predecessor-version":[{"id":111398,"href":"https:\/\/df-nyt.dk\/blog\/wp-json\/wp\/v2\/posts\/15281\/revisions\/111398"}],"wp:attachment":[{"href":"https:\/\/df-nyt.dk\/blog\/wp-json\/wp\/v2\/media?parent=15281"}],"wp:term":[{"taxonomy":"category","embeddable":true,"href":"https:\/\/df-nyt.dk\/blog\/wp-json\/wp\/v2\/categories?post=15281"},{"taxonomy":"post_tag","embeddable":true,"href":"https:\/\/df-nyt.dk\/blog\/wp-json\/wp\/v2\/tags?post=15281"}],"curies":[{"name":"wp","href":"https:\/\/api.w.org\/{rel}","templated":true}]}}