{"id":15291,"date":"2011-01-19T11:55:12","date_gmt":"2011-01-19T10:55:12","guid":{"rendered":"http:\/\/df-nyt.dk\/?p=15291"},"modified":"2024-01-29T10:08:07","modified_gmt":"2024-01-29T09:08:07","slug":"df-folketingskandidat-pa-fyn-alex-ahrendtsen-anmeldt-for-racisme","status":"publish","type":"post","link":"https:\/\/df-nyt.dk\/blog\/df-folketingskandidat-pa-fyn-alex-ahrendtsen-anmeldt-for-racisme\/","title":{"rendered":"DF-Folketingskandidat p\u00e5 Fyn Alex Ahrendtsen anmeldt for racisme"},"content":{"rendered":"<p>Det sker efter et l\u00e6serbrev i dagens udgave af Fyens Stiftstidende, hvor Ahrendtsen advarer byr\u00e5det i Kerteminde om at lade en muslimsk friskole rykke ind i Marslev.<\/p>\n<p>Det er en l\u00e6ser, Carsten Halvorsen i Assens, der har anmeldt politikeren til politiet fordi han mener at Ahrendtsen i sit indl\u00e6g forh\u00e5ner og nedv\u00e6rdiger muslimer som gruppe.<\/p>\n<p>Byr\u00e5dsmedlemmet i Odense og folketingskandidaten for Dansk Folkeparti p\u00e5 Fyn, Alex Ahrendtsen nu meldt til politiet for sine politiske ytringer.<\/p>\n<p>Skriver \/\/fyens.dk \/article\/1770367:Kerteminde&#8211;DFer-anmeldt-for-racisme-i-friskolesag-fyns.dk <\/p>\n<p>Man kunne ellers godt antage, at netop Kerteminde kunne have behov for en skole,<br \/>\nn\u00e5r man l\u00e6ser om Dansk Folkeparti &#8211; Kerteminde.<\/p>\n<p>Her er et lille &#8216;indspark&#8217; fra \/\/avisen.dk \/blogs\/f-nakinge\/uriasposten-df-egen-taleroer-avis_24791<\/p>\n<p>&#8216;Kerteminde Kommune er p\u00e5 r\u00f8ven.<br \/>\n\u00d8konomien er kummerlig, kommunen har det h\u00f8jeste antal voldsd\u00f8mte unge i forhold til hvor mange, der bor i kommunen<\/p>\n<p>Lind\u00f8 Skibsv\u00e6rft lukker og jeg kunne blive ved.<br \/>\nDet er jo alvorlige sager, og derfor er det da ogs\u00e5 vigtigt, at kommunens kommende folkevalgte er af den vision\u00e6re og kompetente slags.<\/p>\n<p>Har vi s\u00e5 kompetente politikere p\u00e5 valg i Kerteminde Kommune?<br \/>\nNogen der kan rette skuden op Nogen der ved hvad de snakker om.<\/p>\n<p>Sikkert, men vi har den-onde-lyneme ogs\u00e5 nogle godylt inkompetente narrehatte!<\/p>\n<p>Ingen illustrerer dette bedre end Dansk Folkeparti&#8217;s Inge Lise Thomsen.<br \/>\nDen 59-\u00e5rige sm\u00f8rrebr\u00f8dsjomfru har tre m\u00e6rkesager, hvoraf \u00e9n af dem er milj\u00f8et.<\/p>\n<p>Her er ordret, hvad Inge har at sige om lige netop milj\u00f8et:<br \/>\n-Natur\/ milj\u00f8: Vi skal holde vores natur ren ikke smide afald alle vegne og bruge s\u00e5 lidt co2 som muligt.<\/p>\n<p>Vi ignorerer stavefejl, manglende punktummer og kommaer, og kigger lige p\u00e5 indholdet:<br \/>\n&#8216;Vi skal holde vores natur ren ikke smide afald alle vegne&#8217;<\/p>\n<p>Ikke nogen d\u00e5rlig m\u00e6rkesag Inge, Slet slet ikke!<br \/>\nInge synes ikke, vi skal smide &#8220;afald&#8221; alle vejene, og hun har jo ret Det ser ud af helvede til, s\u00e5 thumbs up til det!<\/p>\n<p>En lettere &#8216;tynd&#8217; m\u00e6rkesag, men ok da -Nu er det s\u00e5 desv\u00e6rre, at Inge f\u00e5r forkl\u00e6det ind i k\u00e6den, s\u00e5 denne hopper af:<\/p>\n<p>-og bruge s\u00e5 lidt co2 som muligt<br \/>\nInge nu l\u00e6gger du lige sp\u00e6kbr\u00e6ttet, og s\u00e5 h\u00f8rer du efter!<\/p>\n<p>VI BRUGER IKKE CO2, VI UDLEDER CO2!!!!!!!!! J\u00d8SSES!!!<br \/>\nDET ER DIN M\u00c6RKESAG INGE, OG DERFOR B\u00d8R DU PR. DEFINITION VIDE NOGET OM DET.<\/p>\n<p>IGEN INGE VI BRUGER IKKE CO2 HVIS VI BRUGTE CO2, HAVDE VI N\u00c6PPE PROBLEMER MED STIGENDE TEMPERATURER GRUNDET FOR\u00d8GET DRIVHUSEFFEKT.<\/p>\n<p>-og det er selvf\u00f8lgelig helt ok, ikke at vide noget om CO2, pingviner og dansende delfiner, men s\u00e5 skal man satme ikke g\u00f8re det til sin m\u00e6rkesag Inge.<\/p>\n<p>Inge er lokalformand for DF i Kerteminde go figur.<\/p>\n<p>Reference<br \/>\n\/\/avisen.dk\/blogs \/f-nakinge\/uriasposten-df-egen-taleroer-avis_24791<br \/>\n\/\/madsenblog.dk \/wordpress \/2009\/11\/17\/dansk-folkeparti-kerteminde<\/p>\n<p>For yderlig l\u00e6sning.<\/p>\n<p><a href=\"https:\/\/df-nyt.dk\/?p=9875\/\" rel=\"noreferrer nofollow\"><span style=\"text-decoration: underline;\">Pernille Bendixen: Klage til dansk supermarked <\/span><\/a><br \/>\n&nbsp;<\/p>\n","protected":false},"excerpt":{"rendered":"<p>Det sker efter et l\u00e6serbrev i dagens udgave af Fyens Stiftstidende, hvor Ahrendtsen advarer byr\u00e5det i Kerteminde om at lade en muslimsk friskole rykke ind i Marslev. Det er en l\u00e6ser, Carsten Halvorsen i Assens, der har anmeldt politikeren til politiet fordi han mener at Ahrendtsen i sit indl\u00e6g forh\u00e5ner og nedv\u00e6rdiger muslimer som gruppe. [&hellip;]<\/p>\n","protected":false},"author":10,"featured_media":0,"comment_status":"open","ping_status":"closed","sticky":false,"template":"","format":"standard","meta":{"footnotes":""},"categories":[1],"tags":[],"class_list":["post-15291","post","type-post","status-publish","format-standard","hentry","category-df-nyt-dk"],"_links":{"self":[{"href":"https:\/\/df-nyt.dk\/blog\/wp-json\/wp\/v2\/posts\/15291","targetHints":{"allow":["GET"]}}],"collection":[{"href":"https:\/\/df-nyt.dk\/blog\/wp-json\/wp\/v2\/posts"}],"about":[{"href":"https:\/\/df-nyt.dk\/blog\/wp-json\/wp\/v2\/types\/post"}],"author":[{"embeddable":true,"href":"https:\/\/df-nyt.dk\/blog\/wp-json\/wp\/v2\/users\/10"}],"replies":[{"embeddable":true,"href":"https:\/\/df-nyt.dk\/blog\/wp-json\/wp\/v2\/comments?post=15291"}],"version-history":[{"count":1,"href":"https:\/\/df-nyt.dk\/blog\/wp-json\/wp\/v2\/posts\/15291\/revisions"}],"predecessor-version":[{"id":101874,"href":"https:\/\/df-nyt.dk\/blog\/wp-json\/wp\/v2\/posts\/15291\/revisions\/101874"}],"wp:attachment":[{"href":"https:\/\/df-nyt.dk\/blog\/wp-json\/wp\/v2\/media?parent=15291"}],"wp:term":[{"taxonomy":"category","embeddable":true,"href":"https:\/\/df-nyt.dk\/blog\/wp-json\/wp\/v2\/categories?post=15291"},{"taxonomy":"post_tag","embeddable":true,"href":"https:\/\/df-nyt.dk\/blog\/wp-json\/wp\/v2\/tags?post=15291"}],"curies":[{"name":"wp","href":"https:\/\/api.w.org\/{rel}","templated":true}]}}