{"id":15304,"date":"2011-01-19T13:30:29","date_gmt":"2011-01-19T12:30:29","guid":{"rendered":"http:\/\/df-nyt.dk\/?p=15304"},"modified":"2024-10-19T21:12:39","modified_gmt":"2024-10-19T19:12:39","slug":"jp-journalist-skal-tale-for-svenske-nynazister","status":"publish","type":"post","link":"https:\/\/df-nyt.dk\/blog\/jp-journalist-skal-tale-for-svenske-nynazister\/","title":{"rendered":"JP-journalist skal tale for svenske nynazister"},"content":{"rendered":"<p><img loading=\"lazy\" decoding=\"async\" class=\"alignleft \" title=\"190120111327\" src=\"https:\/\/df-nyt.dk\/\/wp-content\/uploads\/190120111327.png\" alt=\"\" width=\"229\" height=\"225\" \/><br \/>\nJP-journalist skal tale for svenske nynazister<br \/>\nJyllandspostens blogger og journalist Mikael Jalving tr\u00e6der frem som taler p\u00e5 konference med svenske nynazister og raceideologer, som det svenske h\u00f8jreekstremistiske nationale parti Nationaldemokraternes tidsskrift afholder sidst i januar m\u00e5ned.<\/p>\n<p>Emnet for den h\u00f8jreekstreme konference bliver &#8220;nationale regimekritiske medier&#8221;, og det vil blandt andet blive diskuteret, hvad de nationale mediers vigtigeste dagsorden er, og om de skal publicere de danske Muhammedtegninger.<\/p>\n<p>Mikael Jalving pr\u00e6stenteres af Nationaldemokraternes tidsskrift som Jyllandspostens politiske kommentator, der skriver p\u00e5 en bog med titlen &#8220;Absolut Sverige&#8221;, hvor han vil kritisere det svenske politisk korrekte etablisement for deres selvgodhed.<\/p>\n<p>Foruden Mikael Jalving fra Jyllandsposten skal Poul Vinter-Jensen ogs\u00e5 tale. &#8230;<br \/>\nSkriver Margrethe S. Hansen p\u00e5 <span style=\"text-decoration: underline;\"><a href=\"http:\/\/p77.dk\/component\/k2\/789\/jp-journalist-skal-tale-for-svenske-nynazister\" target=\"_blank\" rel=\"noopener\">NetAvisen P77.dk<\/a><\/span><\/p>\n<p>Den svenske netavis EXPO har beg\u00e5et en opdatering og et interviu, med Mikael Jalving.<br \/>\nAf interviewet fremg\u00e5r det, at det for Mikael Jalving kun handler om at s\u00e6lge sin bog.<\/p>\n<p>P\u00e5 sp\u00f8rgsm\u00e5let: Hvad er form\u00e5let med at deltage i konferencen?<br \/>\nSvare Mikael Jalving: Mit m\u00e5l er at pr\u00e6sentere min bog og f\u00e5 flere l\u00e6sere. Jeg er i dette for et kommercielt form\u00e5l. Jeg \u00f8nsker PR.\u00a0Skriver EXPO.se<\/p>\n<p>Mikael Jalvings forbindelse til JP, beskrives som freelance journalist med en blog p\u00e5 Jyllands-Posten.<\/p>\n<p>Reference<br \/>\n<a href=\"http:\/\/p77.dk\/component\/k2\/789\/jp-journalist-skal-tale-for-svenske-nynazister\" target=\"_blank\" rel=\"noopener\"><span style=\"text-decoration: underline;\">Netavisen P77.dk &#8211; \/\/p77.dk\/jp-journalist-skal-tale-for-svenske-nynazister<\/span><\/a><br \/>\n&nbsp;<br \/>\nFor yderlig l\u00e6sning<br \/>\n<a href=\"https:\/\/df-nyt.dk\/?p=9099\"><span style=\"text-decoration: underline;\">VALG 2010: Sverige Demokraternes kandidater har kontakter til white-power milj\u00f8et<\/span><\/a><br \/>\n&nbsp;<\/p>\n","protected":false},"excerpt":{"rendered":"<p>JP-journalist skal tale for svenske nynazister Jyllandspostens blogger og journalist Mikael Jalving tr\u00e6der frem som taler p\u00e5 konference med svenske nynazister og raceideologer, som det svenske h\u00f8jreekstremistiske nationale parti Nationaldemokraternes tidsskrift afholder sidst i januar m\u00e5ned. Emnet for den h\u00f8jreekstreme konference bliver &#8220;nationale regimekritiske medier&#8221;, og det vil blandt andet blive diskuteret, hvad de nationale [&hellip;]<\/p>\n","protected":false},"author":10,"featured_media":0,"comment_status":"open","ping_status":"closed","sticky":false,"template":"","format":"standard","meta":{"footnotes":""},"categories":[1],"tags":[],"class_list":["post-15304","post","type-post","status-publish","format-standard","hentry","category-df-nyt-dk"],"_links":{"self":[{"href":"https:\/\/df-nyt.dk\/blog\/wp-json\/wp\/v2\/posts\/15304","targetHints":{"allow":["GET"]}}],"collection":[{"href":"https:\/\/df-nyt.dk\/blog\/wp-json\/wp\/v2\/posts"}],"about":[{"href":"https:\/\/df-nyt.dk\/blog\/wp-json\/wp\/v2\/types\/post"}],"author":[{"embeddable":true,"href":"https:\/\/df-nyt.dk\/blog\/wp-json\/wp\/v2\/users\/10"}],"replies":[{"embeddable":true,"href":"https:\/\/df-nyt.dk\/blog\/wp-json\/wp\/v2\/comments?post=15304"}],"version-history":[{"count":1,"href":"https:\/\/df-nyt.dk\/blog\/wp-json\/wp\/v2\/posts\/15304\/revisions"}],"predecessor-version":[{"id":105816,"href":"https:\/\/df-nyt.dk\/blog\/wp-json\/wp\/v2\/posts\/15304\/revisions\/105816"}],"wp:attachment":[{"href":"https:\/\/df-nyt.dk\/blog\/wp-json\/wp\/v2\/media?parent=15304"}],"wp:term":[{"taxonomy":"category","embeddable":true,"href":"https:\/\/df-nyt.dk\/blog\/wp-json\/wp\/v2\/categories?post=15304"},{"taxonomy":"post_tag","embeddable":true,"href":"https:\/\/df-nyt.dk\/blog\/wp-json\/wp\/v2\/tags?post=15304"}],"curies":[{"name":"wp","href":"https:\/\/api.w.org\/{rel}","templated":true}]}}