{"id":15405,"date":"2011-01-21T10:48:33","date_gmt":"2011-01-21T09:48:33","guid":{"rendered":"http:\/\/df-nyt.dk\/?p=15405"},"modified":"2017-11-07T16:41:42","modified_gmt":"2017-11-07T15:41:42","slug":"drop-ideen-om-discountkandidater","status":"publish","type":"post","link":"https:\/\/df-nyt.dk\/blog\/drop-ideen-om-discountkandidater\/","title":{"rendered":"Drop ideen om discountkandidater"},"content":{"rendered":"<p><strong>Regeringen l\u00e6gger op til en et\u00e5rig kandidatuddannelse p\u00e5 universiteterne, n\u00e5r de senere i dag m\u00f8des med V\u00e6kstforum.<\/strong><\/p>\n<p>Skriver de radikale i en pressemeddelse &#8211; Og forts\u00e6tter.<\/p>\n<p>En rigtig d\u00e5rlig ide, mener Radikale Venstres arbejdsmarkedsordf\u00f8rer, Morten \u00d8stergaard.<\/p>\n<p>&#8220;L\u00f8sningen p\u00e5 Danmarks v\u00e6kstproblemer er ikke mindre uddannelse, men mere uddannelse.<\/p>\n<p>N\u00e5r jeg tager rundt i Danmark og bes\u00f8ger v\u00e6kstvirksomheder, s\u00e5 siger de samstemmende, at de s\u00f8ger unge, h\u00f8jtuddannede mennesker, der kan konkurrere p\u00e5 tv\u00e6rs af landegr\u00e6nser,&#8221; siger Morten \u00d8stergaard.<\/p>\n<p>&#8220;L\u00f8sningen p\u00e5 Danmarks v\u00e6kstproblemer er ikke at veksle lange videreg\u00e5ende uddannelser til mellemlange uddannelser.<\/p>\n<p>Det er s\u00e5 forkert, at regeringen vil sk\u00e6re ned p\u00e5 uddannelsesniveauet.<\/p>\n<p>I forvejen er uddannelsessektoren h\u00e5rdt ramt af regeringens sparefetich,&#8221; siger Morten \u00d8stergaard.<\/p>\n<p>&#8220;I dag har vi en h\u00f8j arbejdsl\u00f8shed hos nyuddannede akademikere, og den vil ikke forsvinde, fordi man sk\u00e6rer et \u00e5r af deres uddannelse.<\/p>\n<p>Tv\u00e6rtimod. Du g\u00f8r bare de unge en bj\u00f8rnetjeneste.<\/p>\n<p>Jeg vil opfordre videnskabsministeren til at l\u00e6gge ideen om discountkandidater tilbage i skraldespanden,&#8221; siger Morten \u00d8stergaard.<\/p>\n<p>If\u00f8lge en pressemeddelse fra de Radikale.<\/p>\n<p><strong>L\u00e6s flere nyheder fra de Radikale &#8230;<a href=\"http:\/\/www.radikale.dk\/\">HER <\/a><\/strong><\/p>\n<p><strong>********************************* <\/strong><\/p>\n","protected":false},"excerpt":{"rendered":"<p>Regeringen l\u00e6gger op til en et\u00e5rig kandidatuddannelse p\u00e5 universiteterne, n\u00e5r de senere i dag m\u00f8des med V\u00e6kstforum. Skriver de radikale i en pressemeddelse &#8211; Og forts\u00e6tter. En rigtig d\u00e5rlig ide, mener Radikale Venstres arbejdsmarkedsordf\u00f8rer, Morten \u00d8stergaard. &#8220;L\u00f8sningen p\u00e5 Danmarks v\u00e6kstproblemer er ikke mindre uddannelse, men mere uddannelse. N\u00e5r jeg tager rundt i Danmark og bes\u00f8ger [&hellip;]<\/p>\n","protected":false},"author":10,"featured_media":0,"comment_status":"open","ping_status":"closed","sticky":false,"template":"","format":"standard","meta":{"footnotes":""},"categories":[1],"tags":[],"class_list":["post-15405","post","type-post","status-publish","format-standard","hentry","category-df-nyt-dk"],"_links":{"self":[{"href":"https:\/\/df-nyt.dk\/blog\/wp-json\/wp\/v2\/posts\/15405","targetHints":{"allow":["GET"]}}],"collection":[{"href":"https:\/\/df-nyt.dk\/blog\/wp-json\/wp\/v2\/posts"}],"about":[{"href":"https:\/\/df-nyt.dk\/blog\/wp-json\/wp\/v2\/types\/post"}],"author":[{"embeddable":true,"href":"https:\/\/df-nyt.dk\/blog\/wp-json\/wp\/v2\/users\/10"}],"replies":[{"embeddable":true,"href":"https:\/\/df-nyt.dk\/blog\/wp-json\/wp\/v2\/comments?post=15405"}],"version-history":[{"count":0,"href":"https:\/\/df-nyt.dk\/blog\/wp-json\/wp\/v2\/posts\/15405\/revisions"}],"wp:attachment":[{"href":"https:\/\/df-nyt.dk\/blog\/wp-json\/wp\/v2\/media?parent=15405"}],"wp:term":[{"taxonomy":"category","embeddable":true,"href":"https:\/\/df-nyt.dk\/blog\/wp-json\/wp\/v2\/categories?post=15405"},{"taxonomy":"post_tag","embeddable":true,"href":"https:\/\/df-nyt.dk\/blog\/wp-json\/wp\/v2\/tags?post=15405"}],"curies":[{"name":"wp","href":"https:\/\/api.w.org\/{rel}","templated":true}]}}