{"id":15408,"date":"2011-01-21T10:58:05","date_gmt":"2011-01-21T09:58:05","guid":{"rendered":"http:\/\/df-nyt.dk\/?p=15408"},"modified":"2024-10-29T16:58:08","modified_gmt":"2024-10-29T15:58:08","slug":"sf-langvarig-isolation-skal-for-en-dommer","status":"publish","type":"post","link":"https:\/\/df-nyt.dk\/blog\/sf-langvarig-isolation-skal-for-en-dommer\/","title":{"rendered":"SF: Langvarig isolation skal for en dommer"},"content":{"rendered":"<p><img loading=\"lazy\" decoding=\"async\" class=\"alignleft size-full \" title=\"210120111057\" src=\"https:\/\/df-nyt.dk\/\/wp-content\/uploads\/210120111057.png\" alt=\"\" width=\"276\" height=\"198\" \/><\/p>\n<p>N\u00e5r de indsatte i danske f\u00e6ngsler s\u00e6ttes i isolation kr\u00e6ver det ingen dommerkendelse og end ikke en begrundelse. SF kr\u00e6ver, at der s\u00e6ttes m\u00e5l for at nedbringe brugen af isolationsf\u00e6ngsling. Skriver SF i sin pressemeddelelse<\/p>\n<p>\u2013og fors\u00e6tter<br \/>\nDen manglende regulering af omr\u00e5det betyder, at brugen af varet\u00e6gtsf\u00e6ngsling, ogs\u00e5 kaldet udelukkelse fra f\u00e6llesskab, varierer fra f\u00e6ngsel til f\u00e6ngsel.<\/p>\n<p>Samlet anvender man isolation for ofte.<br \/>\n&#8211; Isolationsf\u00e6ngsling uden tidsbegr\u00e6nsning er skadeligt for den indsattes psyke.<\/p>\n<p>Derfor skal vi v\u00e6re amibti\u00f8se omkring at minimere brugen af isolation, siger SF\u00b4s retsordf\u00f8rer Karina Lorentzen Dehnhardt.<\/p>\n<p>SF \u00f8nsker, at der kommer en tidsgr\u00e6nse for, hvor l\u00e6nge man kan sidde udelukket fra f\u00e6llesskabet.<\/p>\n<p>\u00d8nsker man at bryde den tidsgr\u00e6nse skal forholdet for en dommer.<br \/>\n-Vi tror p\u00e5, man g\u00f8r sig umage med grundlaget, n\u00e5r sagen skal for en dommer.<\/p>\n<p>Det vil give en bedre retssikkerhed for den indsatte, og Kriminalforsorgen slipper for at st\u00e5 alene med et ubehageligt sk\u00f8n, siger SF&#8217;s Karina Lorentzen Dehnhardt.<\/p>\n<p>I 2010 blev der nedsat et udvalg i justitsministeriet p\u00e5 baggrund af et forslag fra SF om at begr\u00e6nse brugen af isolationsf\u00e6ngsling. SF vil nu bede justitsministeren om at freml\u00e6gge resultaterne af det arbejde. Skriver SF i sin pressemeddelse.<\/p>\n<p>For yderlig l\u00e6sning<\/p>\n<p><a href=\"http:\/\/sf.dk\/seneste-nyt \/\" rel=\"noreferrer nofollow\"><span style=\"text-decoration: underline\">\/sf.dk\/seneste-nyt<\/span><\/a><\/p>\n","protected":false},"excerpt":{"rendered":"<p>N\u00e5r de indsatte i danske f\u00e6ngsler s\u00e6ttes i isolation kr\u00e6ver det ingen dommerkendelse og end ikke en begrundelse. SF kr\u00e6ver, at der s\u00e6ttes m\u00e5l for at nedbringe brugen af isolationsf\u00e6ngsling. Skriver SF i sin pressemeddelelse \u2013og fors\u00e6tter Den manglende regulering af omr\u00e5det betyder, at brugen af varet\u00e6gtsf\u00e6ngsling, ogs\u00e5 kaldet udelukkelse fra f\u00e6llesskab, varierer fra f\u00e6ngsel [&hellip;]<\/p>\n","protected":false},"author":10,"featured_media":0,"comment_status":"open","ping_status":"closed","sticky":false,"template":"","format":"standard","meta":{"footnotes":""},"categories":[1],"tags":[],"class_list":["post-15408","post","type-post","status-publish","format-standard","hentry","category-df-nyt-dk"],"_links":{"self":[{"href":"https:\/\/df-nyt.dk\/blog\/wp-json\/wp\/v2\/posts\/15408","targetHints":{"allow":["GET"]}}],"collection":[{"href":"https:\/\/df-nyt.dk\/blog\/wp-json\/wp\/v2\/posts"}],"about":[{"href":"https:\/\/df-nyt.dk\/blog\/wp-json\/wp\/v2\/types\/post"}],"author":[{"embeddable":true,"href":"https:\/\/df-nyt.dk\/blog\/wp-json\/wp\/v2\/users\/10"}],"replies":[{"embeddable":true,"href":"https:\/\/df-nyt.dk\/blog\/wp-json\/wp\/v2\/comments?post=15408"}],"version-history":[{"count":1,"href":"https:\/\/df-nyt.dk\/blog\/wp-json\/wp\/v2\/posts\/15408\/revisions"}],"predecessor-version":[{"id":106246,"href":"https:\/\/df-nyt.dk\/blog\/wp-json\/wp\/v2\/posts\/15408\/revisions\/106246"}],"wp:attachment":[{"href":"https:\/\/df-nyt.dk\/blog\/wp-json\/wp\/v2\/media?parent=15408"}],"wp:term":[{"taxonomy":"category","embeddable":true,"href":"https:\/\/df-nyt.dk\/blog\/wp-json\/wp\/v2\/categories?post=15408"},{"taxonomy":"post_tag","embeddable":true,"href":"https:\/\/df-nyt.dk\/blog\/wp-json\/wp\/v2\/tags?post=15408"}],"curies":[{"name":"wp","href":"https:\/\/api.w.org\/{rel}","templated":true}]}}