{"id":15431,"date":"2011-01-21T16:31:04","date_gmt":"2011-01-21T15:31:04","guid":{"rendered":"http:\/\/df-nyt.dk\/?p=15431"},"modified":"2011-01-21T16:32:26","modified_gmt":"2011-01-21T15:32:26","slug":"sf-birthe-r%c3%b8nn-ma-f%c3%b8lge-gr%c3%a6kenlandsdom","status":"publish","type":"post","link":"https:\/\/df-nyt.dk\/blog\/sf-birthe-r%c3%b8nn-ma-f%c3%b8lge-gr%c3%a6kenlandsdom\/","title":{"rendered":"SF: Birthe R\u00f8nn m\u00e5 f\u00f8lge Gr\u00e6kenlandsdom"},"content":{"rendered":"<p><strong><a href=\"https:\/\/df-nyt.dk\/blog\/wp-content\/uploads\/210120111629.png\"><img loading=\"lazy\" decoding=\"async\" class=\"alignleft size-full wp-image-15432\" title=\"210120111629\" src=\"https:\/\/df-nyt.dk\/blog\/wp-content\/uploads\/210120111629.png\" alt=\"\" width=\"276\" height=\"211\" \/><\/a><\/strong><\/p>\n<p><strong>Den Europ\u00e6iske Menneskerettighedsdomstol har netop afgjort, at det er imod konventionerne at oversende en asylans\u00f8ger til at f\u00e5 behandlet sin sag i Gr\u00e6kenland, fordi Gr\u00e6kenlands asylsystem er brudt sammen.<\/strong><\/p>\n<p>Sagen har konsekvenser for asylans\u00f8gere i Danmark og SF&#8217;s asylordf\u00f8rer Astrid Krag er glad for, at dommen endelig sl\u00e5r fast, at et land ikke uden videre kan overlade asylans\u00f8gere til Gr\u00e6kenland.<\/p>\n<p>&#8220;Landene omkring os har for l\u00e6nge siden taget konsekvensen af situationen i Gr\u00e6kenland og stoppet oversendelserne.<\/p>\n<p>Det er pinligt, at der skal en dom til, f\u00f8r integrationsministeren ogs\u00e5 m\u00e5 anerkende situationen.<\/p>\n<p>Nu m\u00e5 ogs\u00e5 Birthe R\u00f8nn indr\u00f8mme, at Gr\u00e6kenland ikke laver en reel behandling af asylsager og komme en handlingsplan for, hvordan vi sikrer, at de asylans\u00f8gere i Danmark, som st\u00e5r til oversendelse til Gr\u00e6kenland, f\u00e5r behandlet deres asylans\u00f8gning.<\/p>\n<p>De sidder nu i et retsligt ingenmands-land mellem Danmark og Gr\u00e6kenland.<\/p>\n<p>Jeg h\u00e5ber, at Birthe R\u00f8nns t\u00e6nkepause efter dommen ikke bliver for lang, men at hun tr\u00e6kker i arbejdst\u00f8jet hurtigt.&#8221;<\/p>\n<p>Dublinforordningen siger, at asylans\u00f8gere skal have behandlet deres sag i det f\u00f8rste land i forordninger, de kommer til.<\/p>\n<p>Men foruds\u00e6tningen for dublinforordningen er, at alle landene i den overholder menneskerettighederne og foretager en ordentlig og seri\u00f8s sagsbehandling af asylans\u00f8gernes sager.<\/p>\n<p>Dommen omhandler netop, at Gr\u00e6kenland ikke g\u00f8r dette.<\/p>\n<p>&#8220;Som sent som i dag viste en reportage i Jyllands-Posten de elendige forhold.<\/p>\n<p>Dommen er f\u00f8rst og fremmest en sejr for asylans\u00f8gerne. Integrationsministerens har st\u00e6digt insisteret p\u00e5 at holde asylans\u00f8gerne p\u00e5 mellemh\u00e5nd, selvom hun tidligere har anerkendt de elendige forhold i Gr\u00e6kenland, s\u00e5 m\u00e5 dommen siges at v\u00e6re et nederlag for hende.&#8221;<\/p>\n<p>Skriver SF i en pressemeddelse.<\/p>\n<p><strong>L\u00e6s flere nyheder fra SF &#8230; <a href=\"http:\/\/www.sf.dk\/presse\/nyheder\">HER <\/a><\/strong><\/p>\n<p><strong>*********************************************************** <\/strong><\/p>\n","protected":false},"excerpt":{"rendered":"<p>Den Europ\u00e6iske Menneskerettighedsdomstol har netop afgjort, at det er imod konventionerne at oversende en asylans\u00f8ger til at f\u00e5 behandlet sin sag i Gr\u00e6kenland, fordi Gr\u00e6kenlands asylsystem er brudt sammen. Sagen har konsekvenser for asylans\u00f8gere i Danmark og SF&#8217;s asylordf\u00f8rer Astrid Krag er glad for, at dommen endelig sl\u00e5r fast, at et land ikke uden videre [&hellip;]<\/p>\n","protected":false},"author":10,"featured_media":0,"comment_status":"open","ping_status":"closed","sticky":false,"template":"","format":"standard","meta":{"footnotes":""},"categories":[1],"tags":[],"class_list":["post-15431","post","type-post","status-publish","format-standard","hentry","category-df-nyt-dk"],"_links":{"self":[{"href":"https:\/\/df-nyt.dk\/blog\/wp-json\/wp\/v2\/posts\/15431","targetHints":{"allow":["GET"]}}],"collection":[{"href":"https:\/\/df-nyt.dk\/blog\/wp-json\/wp\/v2\/posts"}],"about":[{"href":"https:\/\/df-nyt.dk\/blog\/wp-json\/wp\/v2\/types\/post"}],"author":[{"embeddable":true,"href":"https:\/\/df-nyt.dk\/blog\/wp-json\/wp\/v2\/users\/10"}],"replies":[{"embeddable":true,"href":"https:\/\/df-nyt.dk\/blog\/wp-json\/wp\/v2\/comments?post=15431"}],"version-history":[{"count":0,"href":"https:\/\/df-nyt.dk\/blog\/wp-json\/wp\/v2\/posts\/15431\/revisions"}],"wp:attachment":[{"href":"https:\/\/df-nyt.dk\/blog\/wp-json\/wp\/v2\/media?parent=15431"}],"wp:term":[{"taxonomy":"category","embeddable":true,"href":"https:\/\/df-nyt.dk\/blog\/wp-json\/wp\/v2\/categories?post=15431"},{"taxonomy":"post_tag","embeddable":true,"href":"https:\/\/df-nyt.dk\/blog\/wp-json\/wp\/v2\/tags?post=15431"}],"curies":[{"name":"wp","href":"https:\/\/api.w.org\/{rel}","templated":true}]}}