{"id":15438,"date":"2011-01-22T09:41:04","date_gmt":"2011-01-22T08:41:04","guid":{"rendered":"http:\/\/df-nyt.dk\/?p=15438"},"modified":"2024-09-21T21:19:43","modified_gmt":"2024-09-21T19:19:43","slug":"skandalos-demostration-i-kobenhavn","status":"publish","type":"post","link":"https:\/\/df-nyt.dk\/blog\/skandalos-demostration-i-kobenhavn\/","title":{"rendered":"Skandal\u00f8s demostration i K\u00f8benhavn"},"content":{"rendered":"<p><img loading=\"lazy\" decoding=\"async\" class=\"  alignnone\" title=\"220120110936\" src=\"https:\/\/df-nyt.dk\/\/wp-content\/uploads\/220120110936.png\" alt=\"\" width=\"271\" height=\"249\" \/><\/p>\n<p>Hadefulde b\u00f8lleopt\u00f8jer og racistiske tilr\u00e5b var hvad man kunne h\u00f8re foran det Kongelige Bibliotek i K\u00f8benhavn<\/p>\n<p>Demonstranter som r\u00e5bte &#8211; &#8216;Fucking perker &#8211; Kom her over!&#8217;<br \/>\nDet var hvad nogle s\u00e6rdeles ophidsede m\u00e6nd stod og r\u00e5bte. skriver\u00a0Netavisen. ekstrabladet.dk<\/p>\n<p>S\u00e5 var stilen lagt i en meget ukl\u00e6delige demostration, som blev afbrudt f\u00f8r den planlagte tid.<\/p>\n<p>Som deltagere i demoen, kunne man blandt flere, ogs\u00e5 se kendte personer.<\/p>\n<p><img loading=\"lazy\" decoding=\"async\" class=\" alignnone\" title=\"220120110843\" src=\"https:\/\/df-nyt.dk\/\/wp-content\/uploads\/220120110843.png\" alt=\"\" width=\"230\" height=\"157\" \/><\/p>\n<p>Billedet: N\u00e6stform\u00e6ndene i Dansk Folkeparti Ungdom: Politisk n\u00e6stformand Peter Kofod Poulsen og Organisatorisk n\u00e6stformand Anders Primdahl Vistisen.<\/p>\n<p><img loading=\"lazy\" decoding=\"async\" class=\"size-full alignnone\" title=\"220120110900\" src=\"https:\/\/df-nyt.dk\/\/wp-content\/uploads\/220120110900.png\" alt=\"\" width=\"216\" height=\"152\" \/><\/p>\n<p>I det lille fremm\u00f8de var det nemt at spotte, vel n\u00e6rmest opfinderen af<br \/>\n\u2018Svineristisk Trossamfund\u2019 Anne-Marie Buch.<\/p>\n<p><img loading=\"lazy\" decoding=\"async\" class=\"size-full alignnone\" src=\"https:\/\/df-nyt.dk\/\/wp-content\/uploads\/290120131322.png\" alt=\"290120131322\" width=\"480\" height=\"111\" \/><\/p>\n<p>Det s\u00e5 ikke ud til at Bertel Geismar Haarders hum\u00f8r var blevet meget bedre efter skandalen, &#8211; da han blev snydt for sin risengr\u00f8d.<\/p>\n<p><img loading=\"lazy\" decoding=\"async\" class=\" alignnone\" title=\"220120110912\" src=\"https:\/\/df-nyt.dk\/\/wp-content\/uploads\/220120110912.png\" alt=\"\" width=\"270\" height=\"168\" \/><\/p>\n<p>Han ser da noget vred og ophidset ud.<\/p>\n<p>S\u00e5 var hum\u00f8ret langt bedre hos den kendte Farshad Kholghi, som ligefrem ser ud til at nyde, &#8211; at han for en kort stund kan f\u00e5 lov til at vise sig lidt frem.<\/p>\n<p><img loading=\"lazy\" decoding=\"async\" class=\"size-full alignnone\" title=\"220120110921\" src=\"https:\/\/df-nyt.dk\/\/wp-content\/uploads\/220120110921.png\" alt=\"\" width=\"296\" height=\"227\" \/><\/p>\n<p>Farshad Kholghi, kender mange fra hans pep-tork-show hos Sverigsdemokraterne.<br \/>\nDet kan du l\u00e6se mere om&#8230; <span style=\"text-decoration: underline;\"><a href=\"https:\/\/df-nyt.dk\/?p=8705\" target=\"_blank\" rel=\"noopener noreferrer\">HER<\/a><\/span><\/p>\n<p><a href=\"http:\/\/p77.dk\/samfund-mennesker\/samfund\/401-folg-liveblogging-af-omstridt-debatmode-fra-kl-1730\" target=\"_blank\" rel=\"noopener noreferrer\"><span style=\"text-decoration: underline;\">L\u00e6s ogs\u00e5 Margrethe S. Hansens liveblogging af det omstridte debatm\u00f8de p\u00e5 Netmagasinet P77.dk P77.dk &#8211; <\/span><\/a><\/p>\n<p>Carl-Mar M\u00f8ller har en kommentar:<br \/>\nitzb ut-Tharir: Jeg synes det er latterligt, n\u00e5r politikere demonstrere imod at Hitzb ut-Tharir. De politikerne der demonstrerede virkede p\u00e5 mig som kujoner, der bare brokker sig, som k\u00e6llinger, i stedet for at g\u00e5 til m\u00f8det og stille kritiske sp\u00f8rgsm\u00e5l. Hilsen Carl-Mar M\u00f8ller. Kilde: netavisen 180grader.dk<\/p>\n<p>For yderlig l\u00e6sning<\/p>\n<p><a href=\"https:\/\/df-nyt.dk\/?p=15604\" target=\"_blank\" rel=\"noopener noreferrer\"><span style=\"text-decoration: underline;\">Q Freedom, h\u00f8jrefl\u00f8jens muntre hj\u00f8rne<\/span><\/a><br \/>\n&nbsp;<br \/>\n<a href=\"https:\/\/df-nyt.dk\/?p=16029\" target=\"_blank\" rel=\"noopener noreferrer\"><span style=\"text-decoration: underline;\">Kvindebev\u00e6gelsen Q Freedom og den \u2018skjulte\u2019 dagsorden<\/span><\/a><\/p>\n","protected":false},"excerpt":{"rendered":"<p>Hadefulde b\u00f8lleopt\u00f8jer og racistiske tilr\u00e5b var hvad man kunne h\u00f8re foran det Kongelige Bibliotek i K\u00f8benhavn Demonstranter som r\u00e5bte &#8211; &#8216;Fucking perker &#8211; Kom her over!&#8217; Det var hvad nogle s\u00e6rdeles ophidsede m\u00e6nd stod og r\u00e5bte. skriver\u00a0Netavisen. ekstrabladet.dk S\u00e5 var stilen lagt i en meget ukl\u00e6delige demostration, som blev afbrudt f\u00f8r den planlagte tid. Som [&hellip;]<\/p>\n","protected":false},"author":10,"featured_media":0,"comment_status":"open","ping_status":"closed","sticky":false,"template":"","format":"standard","meta":{"footnotes":""},"categories":[1],"tags":[],"class_list":["post-15438","post","type-post","status-publish","format-standard","hentry","category-df-nyt-dk"],"_links":{"self":[{"href":"https:\/\/df-nyt.dk\/blog\/wp-json\/wp\/v2\/posts\/15438","targetHints":{"allow":["GET"]}}],"collection":[{"href":"https:\/\/df-nyt.dk\/blog\/wp-json\/wp\/v2\/posts"}],"about":[{"href":"https:\/\/df-nyt.dk\/blog\/wp-json\/wp\/v2\/types\/post"}],"author":[{"embeddable":true,"href":"https:\/\/df-nyt.dk\/blog\/wp-json\/wp\/v2\/users\/10"}],"replies":[{"embeddable":true,"href":"https:\/\/df-nyt.dk\/blog\/wp-json\/wp\/v2\/comments?post=15438"}],"version-history":[{"count":2,"href":"https:\/\/df-nyt.dk\/blog\/wp-json\/wp\/v2\/posts\/15438\/revisions"}],"predecessor-version":[{"id":104711,"href":"https:\/\/df-nyt.dk\/blog\/wp-json\/wp\/v2\/posts\/15438\/revisions\/104711"}],"wp:attachment":[{"href":"https:\/\/df-nyt.dk\/blog\/wp-json\/wp\/v2\/media?parent=15438"}],"wp:term":[{"taxonomy":"category","embeddable":true,"href":"https:\/\/df-nyt.dk\/blog\/wp-json\/wp\/v2\/categories?post=15438"},{"taxonomy":"post_tag","embeddable":true,"href":"https:\/\/df-nyt.dk\/blog\/wp-json\/wp\/v2\/tags?post=15438"}],"curies":[{"name":"wp","href":"https:\/\/api.w.org\/{rel}","templated":true}]}}