{"id":15471,"date":"2011-01-22T14:27:09","date_gmt":"2011-01-22T13:27:09","guid":{"rendered":"http:\/\/df-nyt.dk\/?p=15471"},"modified":"2024-10-10T10:21:47","modified_gmt":"2024-10-10T08:21:47","slug":"sekten-evangelist-ramt-af-masseflugt","status":"publish","type":"post","link":"https:\/\/df-nyt.dk\/blog\/sekten-evangelist-ramt-af-masseflugt\/","title":{"rendered":"Sekten Evangelist ramt af masseflugt"},"content":{"rendered":"<p><img loading=\"lazy\" decoding=\"async\" class=\"alignleft size-full \" title=\"220120111438\" src=\"https:\/\/df-nyt.dk\/\/wp-content\/uploads\/220120111438.png\" alt=\"\" width=\"221\" height=\"197\" \/><\/p>\n<p>Sekten Evangelist ramt af masseflugt<br \/>\nBlandt de frafaldne er den tidligere formand for Evangelist, Joseph Berg, som er flyttet tilbage til Herning sammen med sin familie.<\/p>\n<p>Joseph Berg og hans familie valgte at rejse i protest over lederen af Evangelist Christian Hedegaards h\u00e5ndtering af en sag, hvor en Evangelist-leder blev beskyldt for seksuelt misbrug af nogle unge s\u00e5rbare piger der havde s\u00f8gt hj\u00e6lp hos Evangelist.<\/p>\n<p>-Der foregik ting, som vi ikke kunne st\u00e5 model til.<br \/>\nSagen blev meldt til politiet, men det var ikke Christian Hedegaards skyld, siger Joseph Berg, som fastsl\u00e5r, at lederen har fors\u00f8gt at d\u00e6kke over episoden.<\/p>\n<p>Det er lang v\u00e6rre end antaget, skriver Herning Folkeblad i en stort opsat artikel.<\/p>\n<p><img loading=\"lazy\" decoding=\"async\" class=\"alignnone size-full \" title=\"220120111424\" src=\"https:\/\/df-nyt.dk\/\/wp-content\/uploads\/2201201114241.png\" alt=\"\" width=\"408\" height=\"285\" \/><\/p>\n<p>Reference<br \/>\nHerning Folkeblad, f\u00f8rste sektion &#8211; Side 6 og 7 den 22. jan. 2011.<\/p>\n<p>For yderlig l\u00e6sning.<\/p>\n<p><a href=\"https:\/\/df-nyt.dk\/vold-og-sexmisbrug-efterforskes-i-evangelist\/\" target=\"_blank\" rel=\"noopener noreferrer\"><span style=\"text-decoration: underline\">Vold og Sexmisbrug efterforskes i Sekten Evangelist<\/span><\/a><br \/>\n&nbsp;<\/p>\n","protected":false},"excerpt":{"rendered":"<p>Sekten Evangelist ramt af masseflugt Blandt de frafaldne er den tidligere formand for Evangelist, Joseph Berg, som er flyttet tilbage til Herning sammen med sin familie. Joseph Berg og hans familie valgte at rejse i protest over lederen af Evangelist Christian Hedegaards h\u00e5ndtering af en sag, hvor en Evangelist-leder blev beskyldt for seksuelt misbrug af [&hellip;]<\/p>\n","protected":false},"author":10,"featured_media":0,"comment_status":"open","ping_status":"closed","sticky":false,"template":"","format":"standard","meta":{"footnotes":""},"categories":[1],"tags":[],"class_list":["post-15471","post","type-post","status-publish","format-standard","hentry","category-df-nyt-dk"],"_links":{"self":[{"href":"https:\/\/df-nyt.dk\/blog\/wp-json\/wp\/v2\/posts\/15471","targetHints":{"allow":["GET"]}}],"collection":[{"href":"https:\/\/df-nyt.dk\/blog\/wp-json\/wp\/v2\/posts"}],"about":[{"href":"https:\/\/df-nyt.dk\/blog\/wp-json\/wp\/v2\/types\/post"}],"author":[{"embeddable":true,"href":"https:\/\/df-nyt.dk\/blog\/wp-json\/wp\/v2\/users\/10"}],"replies":[{"embeddable":true,"href":"https:\/\/df-nyt.dk\/blog\/wp-json\/wp\/v2\/comments?post=15471"}],"version-history":[{"count":1,"href":"https:\/\/df-nyt.dk\/blog\/wp-json\/wp\/v2\/posts\/15471\/revisions"}],"predecessor-version":[{"id":102105,"href":"https:\/\/df-nyt.dk\/blog\/wp-json\/wp\/v2\/posts\/15471\/revisions\/102105"}],"wp:attachment":[{"href":"https:\/\/df-nyt.dk\/blog\/wp-json\/wp\/v2\/media?parent=15471"}],"wp:term":[{"taxonomy":"category","embeddable":true,"href":"https:\/\/df-nyt.dk\/blog\/wp-json\/wp\/v2\/categories?post=15471"},{"taxonomy":"post_tag","embeddable":true,"href":"https:\/\/df-nyt.dk\/blog\/wp-json\/wp\/v2\/tags?post=15471"}],"curies":[{"name":"wp","href":"https:\/\/api.w.org\/{rel}","templated":true}]}}