{"id":15490,"date":"2011-01-23T13:03:12","date_gmt":"2011-01-23T12:03:12","guid":{"rendered":"http:\/\/df-nyt.dk\/?p=15490"},"modified":"2024-11-07T21:18:30","modified_gmt":"2024-11-07T20:18:30","slug":"pligtf%c3%b8lelsen-i-h%c3%b8js%c3%a6det-hos-voks-ministre","status":"publish","type":"post","link":"https:\/\/df-nyt.dk\/blog\/pligtf%c3%b8lelsen-i-h%c3%b8js%c3%a6det-hos-voks-ministre\/","title":{"rendered":"Pligtf\u00f8lelsen i h\u00f8js\u00e6det hos VOK&#8217;s ministre"},"content":{"rendered":"<p><img loading=\"lazy\" decoding=\"async\" class=\"alignleft size-full \" title=\"230120111301\" src=\"https:\/\/df-nyt.dk\/blog\/wp-content\/uploads\/230120111301.png\" alt=\"\" width=\"212\" height=\"212\" \/><\/p>\n<p>Et mindretal af ministre kr\u00e6ver beskyttelse mod Hizb-ut Tahrir<br \/>\nSm\u00e5 200 mennesker fra en r\u00e6kke h\u00f8jrefl\u00f8jsgrupper havde valgt at demonstrere mod Hizb ut-Tahrirs nu efterh\u00e5nden verdenskendte m\u00f8de &#8211; ogs\u00e5 med ca. 200 deltagere &#8211; p\u00e5 Det Kgl. Bibliotek, og der deltog seks ministre fra selveste regeringen, der alts\u00e5 her foretrak demonstration frem for dialog.<\/p>\n<p>Om hvorfor ministrene deltog fortalte indenrigs- og sundhedsminister Bertel Haarder i TV-avisen fredag 21. januar kl. 21.00:<\/p>\n<p>&#8220;N\u00e5r der er frihed i Danmark til at v\u00e6re antidemokrat, kvindefjendsk og middelalderlig, s\u00e5 er der en pligt til at im\u00f8deg\u00e5 de holdninger.<\/p>\n<p>Og det er derfor, at vi [ministre] er her, det er for at protestere mod de holdninger. &#8220;Skriver \u00a0Claus Piculell p\u00e5  &#8230;\u00a0<a href=\"http:\/\/p77.dk\/bagside-a-opinion\/pa-spyddet\/402-pligtfolelsen-i-hojsaedet-hos-voks-ministre\"><span style=\"text-decoration: underline;\"> Netavisen, P77.dk &#8211; L\u00e6s mere HER <\/span><\/a><\/p>\n<p>For yderlig l\u00e6sning<\/p>\n<p><a href=\" https:\/\/df-nyt.dk\/pligtf%c3%b8lelsen-i-h%c3%b8js%c3%a6det-hos-voks-ministre\/ \"><span style=\"text-decoration: underline;\"> Pligtf\u00f8lelsen i h\u00f8js\u00e6det hos VOK\u2019s ministre <\/span><\/a><br \/>\n&nbsp;<br \/>\n<a href=\"http:\/\/df-nyt.dk\/?p=15438\"><span style=\"text-decoration: underline;\"> Skandal\u00f8s demostration i K\u00f8benhavn <\/span><\/a><br \/>\n&nbsp;<br \/>\n<a href=\"http:\/\/df-nyt.dk\/?p=15438\"><span style=\"text-decoration: underline;\">Skandal\u00f8s demostration i K\u00f8benhavn <\/span><\/a><br \/>\n&nbsp;<\/p>\n","protected":false},"excerpt":{"rendered":"<p>Et mindretal af ministre kr\u00e6ver beskyttelse mod Hizb-ut Tahrir Sm\u00e5 200 mennesker fra en r\u00e6kke h\u00f8jrefl\u00f8jsgrupper havde valgt at demonstrere mod Hizb ut-Tahrirs nu efterh\u00e5nden verdenskendte m\u00f8de &#8211; ogs\u00e5 med ca. 200 deltagere &#8211; p\u00e5 Det Kgl. Bibliotek, og der deltog seks ministre fra selveste regeringen, der alts\u00e5 her foretrak demonstration frem for dialog. Om [&hellip;]<\/p>\n","protected":false},"author":10,"featured_media":0,"comment_status":"open","ping_status":"closed","sticky":false,"template":"","format":"standard","meta":{"footnotes":""},"categories":[1],"tags":[],"class_list":["post-15490","post","type-post","status-publish","format-standard","hentry","category-df-nyt-dk"],"_links":{"self":[{"href":"https:\/\/df-nyt.dk\/blog\/wp-json\/wp\/v2\/posts\/15490","targetHints":{"allow":["GET"]}}],"collection":[{"href":"https:\/\/df-nyt.dk\/blog\/wp-json\/wp\/v2\/posts"}],"about":[{"href":"https:\/\/df-nyt.dk\/blog\/wp-json\/wp\/v2\/types\/post"}],"author":[{"embeddable":true,"href":"https:\/\/df-nyt.dk\/blog\/wp-json\/wp\/v2\/users\/10"}],"replies":[{"embeddable":true,"href":"https:\/\/df-nyt.dk\/blog\/wp-json\/wp\/v2\/comments?post=15490"}],"version-history":[{"count":4,"href":"https:\/\/df-nyt.dk\/blog\/wp-json\/wp\/v2\/posts\/15490\/revisions"}],"predecessor-version":[{"id":106549,"href":"https:\/\/df-nyt.dk\/blog\/wp-json\/wp\/v2\/posts\/15490\/revisions\/106549"}],"wp:attachment":[{"href":"https:\/\/df-nyt.dk\/blog\/wp-json\/wp\/v2\/media?parent=15490"}],"wp:term":[{"taxonomy":"category","embeddable":true,"href":"https:\/\/df-nyt.dk\/blog\/wp-json\/wp\/v2\/categories?post=15490"},{"taxonomy":"post_tag","embeddable":true,"href":"https:\/\/df-nyt.dk\/blog\/wp-json\/wp\/v2\/tags?post=15490"}],"curies":[{"name":"wp","href":"https:\/\/api.w.org\/{rel}","templated":true}]}}