{"id":15494,"date":"2011-01-23T14:47:23","date_gmt":"2011-01-23T13:47:23","guid":{"rendered":"http:\/\/df-nyt.dk\/?p=15494"},"modified":"2024-11-20T11:21:22","modified_gmt":"2024-11-20T10:21:22","slug":"et-nogternt-syn-pa-terror","status":"publish","type":"post","link":"https:\/\/df-nyt.dk\/blog\/et-nogternt-syn-pa-terror\/","title":{"rendered":"Et n\u00f8gternt syn p\u00e5 terror"},"content":{"rendered":"<p><img loading=\"lazy\" decoding=\"async\" src=\"https:\/\/df-nyt.dk\/wp-content\/uploads\/230120111446.png\" alt=\"\" width=\"205\" height=\"206\" class=\"alignleft size-full \" \/><\/p>\n<p>Ingen bliver f\u00f8dt som terrorist.<br \/>\nDe gennemg\u00e5r som regel en lang proces, hvor de k\u00e6mper med virkelige problemer, i virkelige bev\u00e6gelser og f\u00f8ler virkelig afmagt.<\/p>\n<p><a href=\"http:\/\/p77.dk\/blogs\/piculell\/403-et-nogternt-syn-pa-terror\" target=\"_blank\" rel=\"noopener noreferrer\"><span style=\"text-decoration: underline;\">Skriver Nutcracker p\u00e5 Netavisen P77.dk \/\/p77.dk<\/span><\/a> <\/p>\n<p>-Og forts\u00e6tter<br \/>\nTerror fra tidernes morgen<br \/>\nMen det \u00e6ndrer ikke ved, at de sidste skridt, hvor kyniske bagm\u00e6nd lokker, heldigvis er noget, langt de fleste viger tilbage fra at tage.<\/p>\n<p>At komme derud, hvor selv &#8216;fjendens&#8217; b\u00f8rn ses som legitime m\u00e5l, kr\u00e6ver et verdensbillede, der er forvredet af had, virkelighedsfjern &#8216;idealisme&#8217; (eller tro) og misforst\u00e5et martyrium.<\/p>\n<p>Lad mig her minde om, at terror aldeles ikke har v\u00e6ret forbeholdt den islamistiske (ikke islamiske) bev\u00e6gelse.<\/p>\n<p>Formentlig har mennesket kendt terror fra civilisationens f\u00f8dsel.<br \/>\nI moderne tid fandt den f\u00f8rste virkelige terror sted i Rusland, i kamp mod Zarens totalundertrykkelse.<\/p>\n<p>Hvis man alts\u00e5 ikke medregner &#8216;statsterror&#8217;, for s\u00e5 fandt den f\u00f8rste omgang sted under den franske revolution, nemlig i Robespierres heldigvis korte regeringstid.<\/p>\n<p>Terror eller dialog<br \/>\nEfter 2. verdenskrig er oplagt at n\u00e6vne &#8211; Skriver Nutcracker p\u00e5 <a href=\"http:\/\/p77.dk\/blogs\/piculell\/403-et-nogternt-syn-pa-terror\" target=\"_blank\" rel=\"noopener noreferrer\"><span style=\"text-decoration: underline\">Netavisen P77.dk <\/span> <\/p>\n<p>Reference<br \/>\n<\/a><a href=\"https:\/\/p77.dk\/blogs\/piculell\/403-et-nogternt-syn-pa-terror\" rel=\"noopener noreferrer\" target=\"_blank\"><span style=\"text-decoration: underline\">Netavisen P77.dk \/\/p77.dk \/blogs\/piculell\/403-et-nogternt-syn-pa-terror<\/span><\/a><br \/>\n&nbsp;<\/p>\n","protected":false},"excerpt":{"rendered":"<p>Ingen bliver f\u00f8dt som terrorist. De gennemg\u00e5r som regel en lang proces, hvor de k\u00e6mper med virkelige problemer, i virkelige bev\u00e6gelser og f\u00f8ler virkelig afmagt. Skriver Nutcracker p\u00e5 Netavisen P77.dk \/\/p77.dk -Og forts\u00e6tter Terror fra tidernes morgen Men det \u00e6ndrer ikke ved, at de sidste skridt, hvor kyniske bagm\u00e6nd lokker, heldigvis er noget, langt de [&hellip;]<\/p>\n","protected":false},"author":10,"featured_media":0,"comment_status":"open","ping_status":"closed","sticky":false,"template":"","format":"standard","meta":{"footnotes":""},"categories":[1],"tags":[],"class_list":["post-15494","post","type-post","status-publish","format-standard","hentry","category-df-nyt-dk"],"_links":{"self":[{"href":"https:\/\/df-nyt.dk\/blog\/wp-json\/wp\/v2\/posts\/15494","targetHints":{"allow":["GET"]}}],"collection":[{"href":"https:\/\/df-nyt.dk\/blog\/wp-json\/wp\/v2\/posts"}],"about":[{"href":"https:\/\/df-nyt.dk\/blog\/wp-json\/wp\/v2\/types\/post"}],"author":[{"embeddable":true,"href":"https:\/\/df-nyt.dk\/blog\/wp-json\/wp\/v2\/users\/10"}],"replies":[{"embeddable":true,"href":"https:\/\/df-nyt.dk\/blog\/wp-json\/wp\/v2\/comments?post=15494"}],"version-history":[{"count":3,"href":"https:\/\/df-nyt.dk\/blog\/wp-json\/wp\/v2\/posts\/15494\/revisions"}],"predecessor-version":[{"id":106925,"href":"https:\/\/df-nyt.dk\/blog\/wp-json\/wp\/v2\/posts\/15494\/revisions\/106925"}],"wp:attachment":[{"href":"https:\/\/df-nyt.dk\/blog\/wp-json\/wp\/v2\/media?parent=15494"}],"wp:term":[{"taxonomy":"category","embeddable":true,"href":"https:\/\/df-nyt.dk\/blog\/wp-json\/wp\/v2\/categories?post=15494"},{"taxonomy":"post_tag","embeddable":true,"href":"https:\/\/df-nyt.dk\/blog\/wp-json\/wp\/v2\/tags?post=15494"}],"curies":[{"name":"wp","href":"https:\/\/api.w.org\/{rel}","templated":true}]}}