{"id":15503,"date":"2011-01-23T19:38:48","date_gmt":"2011-01-23T18:38:48","guid":{"rendered":"http:\/\/df-nyt.dk\/?p=15503"},"modified":"2025-07-02T23:19:02","modified_gmt":"2025-07-02T21:19:02","slug":"sverigedemokraternes-n%c3%a6vning-fyret","status":"publish","type":"post","link":"https:\/\/df-nyt.dk\/blog\/sverigedemokraternes-n%c3%a6vning-fyret\/","title":{"rendered":"Sverigedemokrat n\u00e6vning fyret"},"content":{"rendered":"<p><img loading=\"lazy\" decoding=\"async\" class=\"alignleft size-full \" title=\"230120112140\" src=\"https:\/\/df-nyt.dk\/blog\/wp-content\/uploads\/230120112140.png\" alt=\"\" width=\"207\" height=\"295\" \/><\/p>\n<p>Sverigedemokrat n\u00e6vning fyret<br \/>\nSverige Demokraternes n\u00e6vning i Karlstad Distriktet Erik Johansson er fyret med \u00f8jeblikkelig virkning fra V\u00e4rmland byret.<\/p>\n<p>&#8220;Erik T Johansson udtalelser i avisen og p\u00e5 tv viser, at han ikke deler grundl\u00e6ggende v\u00e6rdier som ligestilling af alle mennesker.<\/p>\n<p>Han var \u00e5benlys uegnet \u00a0&#8230;&#8221; st\u00e5r der i V\u00e4rmland byrettens afg\u00f8relse.<\/p>\n<p>Distrikt dommerens erkl\u00e6ring refererer til de anti-semitiske emails Expo fremviste, at Johannson havde sendt til en partikollega.<\/p>\n<p>I de e-mails p\u00e5st\u00e5r Erik Johansson, blandt andet, at den officielle historie om Holocaust skal tages med et gran salt, og der var medsendt links til alvorlige anti-semitiske hjemmesider.<\/p>\n<p>Homofobiske udtalelser<br \/>\nFor nylig interviewede TV4 Erik Johansson om de anti-semitiske e-mails.<\/p>\n<p>I interviewet, beskyldte han homofile for at &#8220;fors\u00f8ge at p\u00e5tvinge os deres kultur,<br \/>\ntil trods for at vi \u00f8nsker, vores normale straight kultur&#8221;.<\/p>\n<p>E-mails og interview f\u00f8rte til den konklusion, at Erik Johansson skulle afskediges.<\/p>\n<p>Partiet Sverigedemokraterne har kendt til Erik Johansson&#8217;s anti-semitiske e-mails siden begyndelsen af 2010.<\/p>\n<p>F\u00f8rst efter Expo har omtalt de emails, har partiet indledt en udelukkelse-sag mod ham.<\/p>\n<p>Skriver EXPO p\u00e5 deres NetAvis&#8230; \u00a0<br \/>\n\/\/expo.se:80\/2011\/sd-namndeman-sparkas-av-tingsratten_3648.html<br \/>\nL\u00e6s mere DER <\/p>\n<p>L\u00e6s ogs\u00e5:<\/p>\n<p><a href=\"http:\/\/df-nyt.dk\/?p=9255\" target=\"_blank\" rel=\"noopener\"><span style=\"text-decoration: underline;\">N\u00e5r skidt kommer til \u00e6re i Sverige<\/span><\/a><br \/>\n&nbsp;<br \/>\n<a href=\"http:\/\/df-nyt.dk\/?p=8705\" target=\"_blank\" rel=\"noopener\"><span style=\"text-decoration: underline;\">Farshad Kholghi og Sverigedemokraterna <\/span><\/a><br \/>\n&nbsp;<br \/>\n<a href=\"http:\/\/df-nyt.dk\/?p=12789\" target=\"_blank\" rel=\"noopener\"><span style=\"text-decoration: underline;\">Dansk Folkeparti censur i medlemsblad <\/span><\/a><br \/>\n&nbsp;<br \/>\n<a href=\"http:\/\/df-nyt.dk\/?p=15304\" target=\"_blank\" rel=\"noopener\"><span style=\"text-decoration: underline;\"><strong>JP-journalist skal tale for svenske nynazister <\/strong><\/span><\/a><br \/>\n&nbsp;<br \/>\n<a href=\"http:\/\/df-nyt.dk\/?p=11401\" target=\"_blank\" rel=\"noopener\"><span style=\"text-decoration: underline;\">Er det iorden at bruge en Nazi-U-B\u00e5ds-helt som profilbillede? <\/span><\/a><br \/>\n&nbsp;<br \/>\n<a href=\"http:\/\/df-nyt.dk\/?p=9099\" target=\"_blank\" rel=\"noopener\"><span style=\"text-decoration: underline;\">VALG 2010: Sverige Demokraternes kandidater har kontakter til white power milj\u00f8et <\/span><\/a><br \/>\n&nbsp;<\/p>\n","protected":false},"excerpt":{"rendered":"<p>Sverigedemokrat n\u00e6vning fyret Sverige Demokraternes n\u00e6vning i Karlstad Distriktet Erik Johansson er fyret med \u00f8jeblikkelig virkning fra V\u00e4rmland byret. &#8220;Erik T Johansson udtalelser i avisen og p\u00e5 tv viser, at han ikke deler grundl\u00e6ggende v\u00e6rdier som ligestilling af alle mennesker. Han var \u00e5benlys uegnet \u00a0&#8230;&#8221; st\u00e5r der i V\u00e4rmland byrettens afg\u00f8relse. Distrikt dommerens erkl\u00e6ring refererer [&hellip;]<\/p>\n","protected":false},"author":10,"featured_media":0,"comment_status":"open","ping_status":"closed","sticky":false,"template":"","format":"standard","meta":{"footnotes":""},"categories":[1],"tags":[],"class_list":["post-15503","post","type-post","status-publish","format-standard","hentry","category-df-nyt-dk"],"_links":{"self":[{"href":"https:\/\/df-nyt.dk\/blog\/wp-json\/wp\/v2\/posts\/15503","targetHints":{"allow":["GET"]}}],"collection":[{"href":"https:\/\/df-nyt.dk\/blog\/wp-json\/wp\/v2\/posts"}],"about":[{"href":"https:\/\/df-nyt.dk\/blog\/wp-json\/wp\/v2\/types\/post"}],"author":[{"embeddable":true,"href":"https:\/\/df-nyt.dk\/blog\/wp-json\/wp\/v2\/users\/10"}],"replies":[{"embeddable":true,"href":"https:\/\/df-nyt.dk\/blog\/wp-json\/wp\/v2\/comments?post=15503"}],"version-history":[{"count":2,"href":"https:\/\/df-nyt.dk\/blog\/wp-json\/wp\/v2\/posts\/15503\/revisions"}],"predecessor-version":[{"id":108520,"href":"https:\/\/df-nyt.dk\/blog\/wp-json\/wp\/v2\/posts\/15503\/revisions\/108520"}],"wp:attachment":[{"href":"https:\/\/df-nyt.dk\/blog\/wp-json\/wp\/v2\/media?parent=15503"}],"wp:term":[{"taxonomy":"category","embeddable":true,"href":"https:\/\/df-nyt.dk\/blog\/wp-json\/wp\/v2\/categories?post=15503"},{"taxonomy":"post_tag","embeddable":true,"href":"https:\/\/df-nyt.dk\/blog\/wp-json\/wp\/v2\/tags?post=15503"}],"curies":[{"name":"wp","href":"https:\/\/api.w.org\/{rel}","templated":true}]}}