{"id":15534,"date":"2011-01-24T00:13:37","date_gmt":"2011-01-23T23:13:37","guid":{"rendered":"http:\/\/df-nyt.dk\/?p=15534"},"modified":"2025-07-17T19:49:09","modified_gmt":"2025-07-17T17:49:09","slug":"kurt-westergaard-i-unade-hos-islam-hadere-quisling-med-stockholmssyndrom","status":"publish","type":"post","link":"https:\/\/df-nyt.dk\/blog\/kurt-westergaard-i-unade-hos-islam-hadere-quisling-med-stockholmssyndrom\/","title":{"rendered":"Kurt Westergaard i un\u00e5de hos Islam-hadere: Quisling med Stockholmssyndrom"},"content":{"rendered":"<p><img loading=\"lazy\" decoding=\"async\" class=\"size-full  alignleft\" src=\"https:\/\/df-nyt.dk\/wp-content\/uploads\/240120110011.png\" alt=\"\" width=\"322\" height=\"273\" \/> Kurt Westergaard i un\u00e5de hos Islam-hadere<\/p>\n<p>Der falder st\u00e6rke ord fra den amerikanske anti-islam blogger Pamela Geller over, at muhammedtegner Kurt Westergaard har sags\u00f8gt og f\u00e5et tilkendt erstatning p\u00e5 130.000 kr. fra danske Anders Gravers for uretm\u00e6ssig brug af hans tegning.<br \/>\nI \u00e5rene efter muhammedtegningen rejste Kurt Westergaard rundt i USA med Trykkefrihedsselskabets Lars Hedegaard for at fort\u00e6lle om sin Muhammedtegning til dem der ville h\u00f8re.<\/p>\n<p>Det ville ikke mindst den antimuslimske agitator Pamela Geller, der blandt andet arrangerede et boglanceringsm\u00f8de i New York for en bog af Hedegaard og Westergaard.<\/p>\n<p>Den gang udtrykte Geller den dybeste beundring for Westergaard.<br \/>\nMen efter at Westergaard har sags\u00f8gt danske Anders Gravers fra den islamofobiske forening Stop Islamiseringen af Danmark (SIAD) og Stop Islamiseringen af Europa (SIOE) og f\u00e5et tilkendt 130.000 kr. i erstatning i byretten, er den tidligere tegnehelt faldet i un\u00e5de f\u00f8rst hos Gravers og nu hos amerikaneren Geller, kendt for sin forrygende hadfulde sprogbrug, der i sin blog kalder Kurt Westergaards tr\u00e6k for et \u00bbStockholmssyndrom\u00ab<\/p>\n<p>\u00bbMed en uforst\u00e5elig drejning af begivenhederne har den forvirrede danske tegner Kurt Westergaard sags\u00f8gt min ven og frihedsk\u00e6mper Anders Gravers, den danske leder af SIOE (Stop Islamisation of Europe) for den antydede brug af Muhammedtegningerne til en demonstration.<\/p>\n<p>Han har sags\u00f8gt, og han har vundet\u00ab siger Geller og uddyber det for hende uforst\u00e5elige ved situationen -Skriver <a href=\"https:\/\/p77.dk:80\/radikalisering\/internationalt\/404-kurt-westergaard-i-unade-hos-islam-hadere-quisling-med-stockholmssyndrom\" target=\"_blank\" rel=\"noopener\"><span style=\"color: blue;\"><u> Christian Rask p\u00e5 Net-Avisen P77.dk<\/u><\/span><\/a><\/p>\n<p>Reference<br \/>\n<a href=\"https:\/\/p77.dk:80\/radikalisering\/internationalt\/404-kurt-westergaard-i-unade-hos-islam-hadere-quisling-med-stockholmssyndrom\" target=\"_blank\" rel=\"noopener noreferrer\"><span style=\"text-decoration: underline;\">Netavisen, P77.dk \/\/p77.dk\/radikalisering\/internationalt\/kurt-westergaard-i-unade-hos-islam-hadere-quisling-med-stockholmssyndrom<\/span><\/a><\/p>\n<p>For yderlig l\u00e6sning<\/p>\n<p><a href=\"https:\/\/df-nyt.dk\/?p=13525\/\" target=\"_blank\" rel=\"noopener noreferrer\"><span style=\"text-decoration: underline;\">Straf for misbrug af tegning og kr\u00e6nkelse af fogedforbud<\/span><\/a><\/p>\n","protected":false},"excerpt":{"rendered":"<p>Kurt Westergaard i un\u00e5de hos Islam-hadere Der falder st\u00e6rke ord fra den amerikanske anti-islam blogger Pamela Geller over, at muhammedtegner Kurt Westergaard har sags\u00f8gt og f\u00e5et tilkendt erstatning p\u00e5 130.000 kr. fra danske Anders Gravers for uretm\u00e6ssig brug af hans tegning. I \u00e5rene efter muhammedtegningen rejste Kurt Westergaard rundt i USA med Trykkefrihedsselskabets Lars Hedegaard [&hellip;]<\/p>\n","protected":false},"author":10,"featured_media":0,"comment_status":"open","ping_status":"closed","sticky":false,"template":"","format":"standard","meta":{"footnotes":""},"categories":[1],"tags":[],"class_list":["post-15534","post","type-post","status-publish","format-standard","hentry","category-df-nyt-dk"],"_links":{"self":[{"href":"https:\/\/df-nyt.dk\/blog\/wp-json\/wp\/v2\/posts\/15534","targetHints":{"allow":["GET"]}}],"collection":[{"href":"https:\/\/df-nyt.dk\/blog\/wp-json\/wp\/v2\/posts"}],"about":[{"href":"https:\/\/df-nyt.dk\/blog\/wp-json\/wp\/v2\/types\/post"}],"author":[{"embeddable":true,"href":"https:\/\/df-nyt.dk\/blog\/wp-json\/wp\/v2\/users\/10"}],"replies":[{"embeddable":true,"href":"https:\/\/df-nyt.dk\/blog\/wp-json\/wp\/v2\/comments?post=15534"}],"version-history":[{"count":5,"href":"https:\/\/df-nyt.dk\/blog\/wp-json\/wp\/v2\/posts\/15534\/revisions"}],"predecessor-version":[{"id":109145,"href":"https:\/\/df-nyt.dk\/blog\/wp-json\/wp\/v2\/posts\/15534\/revisions\/109145"}],"wp:attachment":[{"href":"https:\/\/df-nyt.dk\/blog\/wp-json\/wp\/v2\/media?parent=15534"}],"wp:term":[{"taxonomy":"category","embeddable":true,"href":"https:\/\/df-nyt.dk\/blog\/wp-json\/wp\/v2\/categories?post=15534"},{"taxonomy":"post_tag","embeddable":true,"href":"https:\/\/df-nyt.dk\/blog\/wp-json\/wp\/v2\/tags?post=15534"}],"curies":[{"name":"wp","href":"https:\/\/api.w.org\/{rel}","templated":true}]}}