{"id":15542,"date":"2011-01-24T06:21:29","date_gmt":"2011-01-24T05:21:29","guid":{"rendered":"http:\/\/df-nyt.dk\/?p=15542"},"modified":"2024-01-28T21:01:24","modified_gmt":"2024-01-28T20:01:24","slug":"om-at-finde-sin-egen-hylde","status":"publish","type":"post","link":"https:\/\/df-nyt.dk\/blog\/om-at-finde-sin-egen-hylde\/","title":{"rendered":"Om at finde sin rette hylde &#8230;"},"content":{"rendered":"<p>&#8230;har jeg kaldt denne i\u00f8jnefaldende kollage som kunst interesserede kan kan opleve p\u00e5 FaceBook.<\/p>\n<p>Betragt den sp\u00e6ndende nationalistiske farvekombination, i historiens skarpe lys,<br \/>\nse det som et af fantasiens sp\u00e6ndende smagsl\u00f8g.<\/p>\n<p><img loading=\"lazy\" decoding=\"async\" class=\"alignnone size-full \" src=\"https:\/\/df-nyt.dk\/wp-content\/uploads\/2011\/07\/141220121229.png\" alt=\"\" width=\"219\" height=\"124\" \/><\/p>\n<p>Billedet er \u00a0screendump fra TV2\/Lorry fra SIOE&#8217;s demostration 11-09-2010<br \/>\nNyd stoltheden, sikkerheden, gl\u00e6den ved de enkelte brikkers samv\u00e6r i en smagfuldt\u00a0symfoni.<br \/>\n<img loading=\"lazy\" decoding=\"async\" class=\" alignnone\" title=\"240120110657\" src=\"https:\/\/df-nyt.dk\/\/wp-content\/uploads\/240120110657.png\" alt=\"\" width=\"501\" height=\"459\" \/><br \/>\nBilledet er et screendump taget den 23,01,2011.<\/p>\n<p>Thor Poulsen siger:<br \/>\nseptember 8, 2010 kl. 9:09 am<br \/>\nDet faktum, at der indimellem kommer et par nynazister til vore arrangementer er meget beklageligt. Vi plejer ogs\u00e5 at sende dem v\u00e6k, senest har Anders Gravers personligt revet et naziflag ned og trampet p\u00e5 det. Sagen er, at nazisterne \u2013 i \u00f8vrigt i ledtog med muslimer og totalit\u00e6re venstrefl\u00f8jsaktivister og autonome \u2013 pr\u00f8ver at g\u00f8re alt for at f\u00e5 SIAD til at fremst\u00e5 racistisk. Det er ikke tilf\u00e6ldet, vi er islamkritikere, men sandelig ikke racister. Det overlader vi til nazister og muslimer. Vi er meget tolerante, det eneste vi ikke tolererer, er intolerance. F\u00f8lgelig har vi et problem med islam, ligesom vi ikke tolererer alle andre totalit\u00e6re ideologier \u2013 herunder kommunisme og nazisme. N\u00e5r i skriver alt dette om SIAD, s\u00e5 skulle i s\u00f8rge for at f\u00e5 styr p\u00e5 fakta!<\/p>\n<p>Reference<br \/>\n<a href=\"https:\/\/df-nyt.dk\/?p=8879\"><span style=\"text-decoration: underline;\">I kommentarfeltet&#8230;HER<\/span><\/a><\/p>\n<p>For yderlig l\u00e6sning<\/p>\n<p><a href=\"https:\/\/df-nyt.dk\/?p=15304\"><span style=\"text-decoration: underline;\">JP-journalist skal tale for svenske nynazister<\/span><\/a><br \/>\n&nbsp;<br \/>\n<a href=\"https:\/\/df-nyt.dk\/?p=15503\"><span style=\"text-decoration: underline;\">Sverigedemokrat n\u00e6vning fyret <\/span><\/a><br \/>\n&nbsp;<br \/>\n<a href=\"https:\/\/df-nyt.dk\/?p=14830\"><span style=\"text-decoration: underline;\">Balladen med Westboro Baptist Church minder mig om SIOE\/Trykkefrihedsselskabet<\/span><\/a><\/p>\n","protected":false},"excerpt":{"rendered":"<p>&#8230;har jeg kaldt denne i\u00f8jnefaldende kollage som kunst interesserede kan kan opleve p\u00e5 FaceBook. Betragt den sp\u00e6ndende nationalistiske farvekombination, i historiens skarpe lys, se det som et af fantasiens sp\u00e6ndende smagsl\u00f8g. Billedet er \u00a0screendump fra TV2\/Lorry fra SIOE&#8217;s demostration 11-09-2010 Nyd stoltheden, sikkerheden, gl\u00e6den ved de enkelte brikkers samv\u00e6r i en smagfuldt\u00a0symfoni. Billedet er et [&hellip;]<\/p>\n","protected":false},"author":10,"featured_media":0,"comment_status":"open","ping_status":"closed","sticky":false,"template":"","format":"standard","meta":{"footnotes":""},"categories":[1],"tags":[],"class_list":["post-15542","post","type-post","status-publish","format-standard","hentry","category-df-nyt-dk"],"_links":{"self":[{"href":"https:\/\/df-nyt.dk\/blog\/wp-json\/wp\/v2\/posts\/15542","targetHints":{"allow":["GET"]}}],"collection":[{"href":"https:\/\/df-nyt.dk\/blog\/wp-json\/wp\/v2\/posts"}],"about":[{"href":"https:\/\/df-nyt.dk\/blog\/wp-json\/wp\/v2\/types\/post"}],"author":[{"embeddable":true,"href":"https:\/\/df-nyt.dk\/blog\/wp-json\/wp\/v2\/users\/10"}],"replies":[{"embeddable":true,"href":"https:\/\/df-nyt.dk\/blog\/wp-json\/wp\/v2\/comments?post=15542"}],"version-history":[{"count":3,"href":"https:\/\/df-nyt.dk\/blog\/wp-json\/wp\/v2\/posts\/15542\/revisions"}],"predecessor-version":[{"id":101863,"href":"https:\/\/df-nyt.dk\/blog\/wp-json\/wp\/v2\/posts\/15542\/revisions\/101863"}],"wp:attachment":[{"href":"https:\/\/df-nyt.dk\/blog\/wp-json\/wp\/v2\/media?parent=15542"}],"wp:term":[{"taxonomy":"category","embeddable":true,"href":"https:\/\/df-nyt.dk\/blog\/wp-json\/wp\/v2\/categories?post=15542"},{"taxonomy":"post_tag","embeddable":true,"href":"https:\/\/df-nyt.dk\/blog\/wp-json\/wp\/v2\/tags?post=15542"}],"curies":[{"name":"wp","href":"https:\/\/api.w.org\/{rel}","templated":true}]}}