{"id":15568,"date":"2011-01-24T13:24:10","date_gmt":"2011-01-24T12:24:10","guid":{"rendered":"http:\/\/df-nyt.dk\/?p=15568"},"modified":"2018-03-04T05:59:08","modified_gmt":"2018-03-04T04:59:08","slug":"dansk-folkeparti-gar-galt-i-byen-med-forbud","status":"publish","type":"post","link":"https:\/\/df-nyt.dk\/blog\/dansk-folkeparti-gar-galt-i-byen-med-forbud\/","title":{"rendered":"Dansk Folkeparti g\u00e5r galt i byen med forbud"},"content":{"rendered":"<p><strong><a href=\"https:\/\/df-nyt.dk\/blog\/wp-content\/uploads\/240120111323.png\"><img loading=\"lazy\" decoding=\"async\" class=\"alignleft size-full wp-image-15569\" title=\"240120111323\" src=\"https:\/\/df-nyt.dk\/blog\/wp-content\/uploads\/240120111323.png\" alt=\"\" width=\"261\" height=\"131\" \/><\/a><\/strong><\/p>\n<p><strong>Dansk Folkepartis ligestillingsordf\u00f8rer vil rejse forslag om forbud mod k\u00f8nsadskillelse i offentlige bygninger efter fredagens m\u00f8de i Den Sorte Diamant, hvor Hizb-ut-Tahrir (HuT) holdt m\u00f8de.<\/strong><\/p>\n<p>Skriver de radikale i en pressemeddelse &#8211; Og forts\u00e6tter.<\/p>\n<p><strong>En dum ide, mener Manu Sareen, der er Radikale Venstres rets- og ligestillingsordf\u00f8rer.<\/strong><\/p>\n<p>&#8220;Hizb-ut-Tahrirs har k\u00f8nsadskillelse til deres m\u00f8der, og dette er jeg imod &#8211; og som ligestillingsordf\u00f8rer og borger er det ogs\u00e5 min pligt at bek\u00e6mpe diskriminering med god argumentation og dialog.<\/p>\n<p>Sagen er en anden, hvis man tvinger deltagerne til k\u00f8nsadskillelse, men mig bekendt har der ikke v\u00e6ret klager over dette.<\/p>\n<p>Er der tvang i forbindelse med k\u00f8nsadskillelsen, overlader jeg det til politiet og domstolene at vurdere sagen&#8221; siger den radikale rets- og ligestillingsordf\u00f8rer Manu Sareen.<\/p>\n<p>&#8220;Der findes k\u00f8nsopdeling i moskeer og synagoger s\u00e5vel som nogle steder i folkeskolen.<\/p>\n<p>At det sker til et HuT-m\u00f8de, er heller ingen overraskelse.<\/p>\n<p>Men hvis m\u00f8det ikke er i strid med grundloven, s\u00e5 er det vigtigt, at vi viser respekt for det samfund, vi lever i.<\/p>\n<p>Vi kan udtrykke vores uenighed med HuT, men ikke give dem en s\u00e6rbehandling, de ikke fortjener.<\/p>\n<p>Vi som politikere skal sige vores mening, men lade loven bestemme om m\u00f8det kan afholdes eller ej&#8221;, siger Manu Sareen.<\/p>\n<p>&#8220;Vi skal som politikere ikke g\u00f8re os til smagsdommere over, hvordan foreninger afholder deres m\u00f8der uagtet, at vi ikke bryder os om det.<\/p>\n<p>Denne sag minder mere og mere om burka-debatten, hvor vi politikere heldigvis blev forhindret i at blande sig i borgernes private anliggender,&#8221; siger Manu Sareen. If\u00f8lge en pressemeddelse fra de Radikale.<\/p>\n<p><strong><a href=\"http:\/\/www.radikale.dk\/\">L\u00e6s flere nyheder HER <\/a><\/strong><\/p>\n<p><strong>************ <\/strong><\/p>\n","protected":false},"excerpt":{"rendered":"<p>Dansk Folkepartis ligestillingsordf\u00f8rer vil rejse forslag om forbud mod k\u00f8nsadskillelse i offentlige bygninger efter fredagens m\u00f8de i Den Sorte Diamant, hvor Hizb-ut-Tahrir (HuT) holdt m\u00f8de. Skriver de radikale i en pressemeddelse &#8211; Og forts\u00e6tter. En dum ide, mener Manu Sareen, der er Radikale Venstres rets- og ligestillingsordf\u00f8rer. &#8220;Hizb-ut-Tahrirs har k\u00f8nsadskillelse til deres m\u00f8der, og dette [&hellip;]<\/p>\n","protected":false},"author":10,"featured_media":0,"comment_status":"open","ping_status":"closed","sticky":false,"template":"","format":"standard","meta":{"footnotes":""},"categories":[1],"tags":[],"class_list":["post-15568","post","type-post","status-publish","format-standard","hentry","category-df-nyt-dk"],"_links":{"self":[{"href":"https:\/\/df-nyt.dk\/blog\/wp-json\/wp\/v2\/posts\/15568","targetHints":{"allow":["GET"]}}],"collection":[{"href":"https:\/\/df-nyt.dk\/blog\/wp-json\/wp\/v2\/posts"}],"about":[{"href":"https:\/\/df-nyt.dk\/blog\/wp-json\/wp\/v2\/types\/post"}],"author":[{"embeddable":true,"href":"https:\/\/df-nyt.dk\/blog\/wp-json\/wp\/v2\/users\/10"}],"replies":[{"embeddable":true,"href":"https:\/\/df-nyt.dk\/blog\/wp-json\/wp\/v2\/comments?post=15568"}],"version-history":[{"count":0,"href":"https:\/\/df-nyt.dk\/blog\/wp-json\/wp\/v2\/posts\/15568\/revisions"}],"wp:attachment":[{"href":"https:\/\/df-nyt.dk\/blog\/wp-json\/wp\/v2\/media?parent=15568"}],"wp:term":[{"taxonomy":"category","embeddable":true,"href":"https:\/\/df-nyt.dk\/blog\/wp-json\/wp\/v2\/categories?post=15568"},{"taxonomy":"post_tag","embeddable":true,"href":"https:\/\/df-nyt.dk\/blog\/wp-json\/wp\/v2\/tags?post=15568"}],"curies":[{"name":"wp","href":"https:\/\/api.w.org\/{rel}","templated":true}]}}