{"id":15585,"date":"2011-01-24T16:42:48","date_gmt":"2011-01-24T15:42:48","guid":{"rendered":"http:\/\/df-nyt.dk\/?p=15585"},"modified":"2026-01-10T18:02:40","modified_gmt":"2026-01-10T17:02:40","slug":"ungarns-premiereminister-grillet-af-europaparlamentet","status":"publish","type":"post","link":"https:\/\/df-nyt.dk\/blog\/ungarns-premiereminister-grillet-af-europaparlamentet\/","title":{"rendered":"Ungarns premiereminister grillet af Europaparlamentet"},"content":{"rendered":"<p>Presset p\u00e5 det ungarske formandskab vokser.<br \/>\nMen Orban st\u00e5r fast p\u00e5 kontroversiel medielov<\/p>\n<p>Kritikken haglede ned over premiereminister Victor Orban, da han skulle pr\u00e6sentere sit politiske program for Europaparlamentet. Skriver SF i sin pressemeddelelse <\/p>\n<p>-Og forts\u00e6tter<br \/>\nSelv ville han gerne diskutere den \u00f8konomiske krise, men Ungarns kontroversielle medielov (omtalt i sidste uges pressemeddelelse) overskyggede debatten.<\/p>\n<p>Kommissionens forel\u00f8bige unders\u00f8gelser tyder p\u00e5, at medieloven er i strid med EU\u00b4s mediedirektiv, men derudover er medieloven ogs\u00e5 i strid med helt grundl\u00e6ggende EU-v\u00e6rdier.<\/p>\n<p>Det m\u00e5 og kan vi ikke sidde overh\u00f8rig.<br \/>\nHvis EU skal kunne l\u00e6gge pres p\u00e5 Rusland og Kina, s\u00e5 skal vi have styr p\u00e5 egen baghave.<\/p>\n<p>Ungarns (og flere andre landes) medielov er en skamplet p\u00e5 Europa og v\u00e6kker minder om tidligere tiders repressive regimers konsekvente undertrykkelse af pressefriheden.<\/p>\n<p>Den Gr\u00f8nne Gruppe arbejder nu p\u00e5 at f\u00e5 parlamentet s\u00e5vel som Kommissionen til at tage aff\u00e6re, s\u00e5 Ungarn kan f\u00e5 det gule kort.<\/p>\n<p>Orban har tydeligvis ikke t\u00e6nkt sig at tr\u00e6kke loven tilbage af sig selv. Skriver SF i pressemeddelelsen.<\/p>\n<p>Se film:<\/p>\n<p><iframe loading=\"lazy\" width=\"400\" height=\"225\" src=\"https:\/\/youtube.com\/embed\/6JM5XYJJed8? \" frameborder=\"0\" \"><\/iframe><br \/>\n&nbsp;<br \/>\nFor yderlig l\u00e6sning.<\/p>\n<p><a href=\"http:\/\/sf.dk\/\" target=\"_blank\" rel=\"noopener noreferrer\"><span style=\"text-decoration: underline\">Seneste-nyt fra SF<\/span><\/a><br \/>\n&nbsp;<br \/>\n<a href=\"http:\/\/greens-efa.eu\/\" target=\"_blank\" rel=\"noopener noreferrer\"><span style=\"text-decoration: underline\">Se den Gr\u00f8nne gruppe i parlamentet her<\/span><\/a><br \/>\n&nbsp;<\/p>\n","protected":false},"excerpt":{"rendered":"<p>Presset p\u00e5 det ungarske formandskab vokser. Men Orban st\u00e5r fast p\u00e5 kontroversiel medielov Kritikken haglede ned over premiereminister Victor Orban, da han skulle pr\u00e6sentere sit politiske program for Europaparlamentet. Skriver SF i sin pressemeddelelse -Og forts\u00e6tter Selv ville han gerne diskutere den \u00f8konomiske krise, men Ungarns kontroversielle medielov (omtalt i sidste uges pressemeddelelse) overskyggede debatten. [&hellip;]<\/p>\n","protected":false},"author":10,"featured_media":0,"comment_status":"open","ping_status":"closed","sticky":false,"template":"","format":"standard","meta":{"footnotes":""},"categories":[1],"tags":[],"class_list":["post-15585","post","type-post","status-publish","format-standard","hentry","category-df-nyt-dk"],"_links":{"self":[{"href":"https:\/\/df-nyt.dk\/blog\/wp-json\/wp\/v2\/posts\/15585","targetHints":{"allow":["GET"]}}],"collection":[{"href":"https:\/\/df-nyt.dk\/blog\/wp-json\/wp\/v2\/posts"}],"about":[{"href":"https:\/\/df-nyt.dk\/blog\/wp-json\/wp\/v2\/types\/post"}],"author":[{"embeddable":true,"href":"https:\/\/df-nyt.dk\/blog\/wp-json\/wp\/v2\/users\/10"}],"replies":[{"embeddable":true,"href":"https:\/\/df-nyt.dk\/blog\/wp-json\/wp\/v2\/comments?post=15585"}],"version-history":[{"count":6,"href":"https:\/\/df-nyt.dk\/blog\/wp-json\/wp\/v2\/posts\/15585\/revisions"}],"predecessor-version":[{"id":111110,"href":"https:\/\/df-nyt.dk\/blog\/wp-json\/wp\/v2\/posts\/15585\/revisions\/111110"}],"wp:attachment":[{"href":"https:\/\/df-nyt.dk\/blog\/wp-json\/wp\/v2\/media?parent=15585"}],"wp:term":[{"taxonomy":"category","embeddable":true,"href":"https:\/\/df-nyt.dk\/blog\/wp-json\/wp\/v2\/categories?post=15585"},{"taxonomy":"post_tag","embeddable":true,"href":"https:\/\/df-nyt.dk\/blog\/wp-json\/wp\/v2\/tags?post=15585"}],"curies":[{"name":"wp","href":"https:\/\/api.w.org\/{rel}","templated":true}]}}