{"id":15597,"date":"2011-01-24T17:39:12","date_gmt":"2011-01-24T16:39:12","guid":{"rendered":"http:\/\/df-nyt.dk\/?p=15597"},"modified":"2025-07-10T13:52:50","modified_gmt":"2025-07-10T11:52:50","slug":"regeringens-stramninger-s%c3%a6tter-flere-mennesker-pa-gaden","status":"publish","type":"post","link":"https:\/\/df-nyt.dk\/blog\/regeringens-stramninger-s%c3%a6tter-flere-mennesker-pa-gaden\/","title":{"rendered":"Regeringens stramninger s\u00e6tter flere mennesker p\u00e5 gaden"},"content":{"rendered":"<p><img loading=\"lazy\" decoding=\"async\" class=\"alignleft size-full \" title=\"281020101421\" src=\"https:\/\/df-nyt.dk\/blog\/wp-content\/uploads\/281020101421.png\" alt=\"\" width=\"141\" height=\"50\" \/>Radikale Venstres socialordf\u00f8rer, Anne Marie Geisler Andersen, finder det dybt problematisk, at Regeringen nu endnu engang vil stramme kontanthj\u00e6lpsreglerne.  Skriver De Radikale i sin pressemeddelelse <\/p>\n<p>\u2013 og fors\u00e6tter<br \/>\nEn lang r\u00e6kke af organisationer p\u00e5 omr\u00e5det, herunder R\u00e5det for Socialt Udsatte og Dansk Socialr\u00e5dgiverforening, har allerede advaret mod de barske konsekvenser.<\/p>\n<p>&#8220;Regeringen har efterh\u00e5nden strammet reglerne s\u00e5 meget, at man m\u00e5 formode, de mennesker, der kan presses i arbejde, allerede er kommet det.<\/p>\n<p>Det er skr\u00e6mmende set i lyset af, at ingen unders\u00f8gelser har vist, at stramningerne skulle have haft en positiv effekt.<\/p>\n<p>Til geng\u00e6ld har unders\u00f8gelser bekr\u00e6ftet, at de nedsatte sociale ydelser skubber mennesker ud i fattigdom.<\/p>\n<p>At g\u00f8re hverdagen endnu sv\u00e6rere for disse mennesker f\u00e5r n\u00e6ppe flere i besk\u00e6ftigelse,&#8221; siger Anne Marie Geisler Andersen, socialordf\u00f8rer for Radikale Venstre.<\/p>\n<p>Regeringens forslag vil betyde, at gifte kontanthj\u00e6lpsmodtagere fremover skal arbejde 225 timer pr. \u00e5r modsat i dag 450 timer p\u00e5 to \u00e5r for at kunne bevare retten til kontanthj\u00e6lp.<\/p>\n<p>Reglen vil med stor sandsynlighed betyde, at flere vil miste deres kontanthj\u00e6lp.<\/p>\n<p>If\u00f8lge organisationerne kan konsekvensen af endnu en stramning meget vel blive, at flere b\u00f8rnefamilier med arbejdsl\u00f8se for\u00e6ldre risikerer at blive sat ud af deres boliger.<\/p>\n<p>&#8220;Under den siddende regering har der v\u00e6ret en voldsom v\u00e6kst i antallet af familier, som bliver sat p\u00e5 gaden.<\/p>\n<p>Der er bestemt ikke nogen grund til at f\u00f8re en politik, som ligefrem bidrager til denne udvikling.<\/p>\n<p>I Radikale Venstre \u00f8nsker vi derimod at reducere antallet af mennesker, som bliver sat ud af deres bolig.<\/p>\n<p>Frem for at stramme 450-timersreglen, burde vi se at f\u00e5 afskaffet de nedsatte sociale ydelser som kontanthj\u00e6lpsloftet, starthj\u00e6lpen og 450-timersreglen&#8221;, udtaler Anne Marie Geisler Andersen. If\u00f8lge sin pressemeddelelsen fra de Radikale.<\/p>\n<p>\/\/www.radikale.dk\/CMS\/forside04.aspx?SiteID=1&#8243;<br \/>\nSe flere nyheder der <\/p>\n","protected":false},"excerpt":{"rendered":"<p>Radikale Venstres socialordf\u00f8rer, Anne Marie Geisler Andersen, finder det dybt problematisk, at Regeringen nu endnu engang vil stramme kontanthj\u00e6lpsreglerne. Skriver De Radikale i sin pressemeddelelse \u2013 og fors\u00e6tter En lang r\u00e6kke af organisationer p\u00e5 omr\u00e5det, herunder R\u00e5det for Socialt Udsatte og Dansk Socialr\u00e5dgiverforening, har allerede advaret mod de barske konsekvenser. &#8220;Regeringen har efterh\u00e5nden strammet reglerne [&hellip;]<\/p>\n","protected":false},"author":10,"featured_media":0,"comment_status":"open","ping_status":"closed","sticky":false,"template":"","format":"standard","meta":{"footnotes":""},"categories":[1],"tags":[],"class_list":["post-15597","post","type-post","status-publish","format-standard","hentry","category-df-nyt-dk"],"_links":{"self":[{"href":"https:\/\/df-nyt.dk\/blog\/wp-json\/wp\/v2\/posts\/15597","targetHints":{"allow":["GET"]}}],"collection":[{"href":"https:\/\/df-nyt.dk\/blog\/wp-json\/wp\/v2\/posts"}],"about":[{"href":"https:\/\/df-nyt.dk\/blog\/wp-json\/wp\/v2\/types\/post"}],"author":[{"embeddable":true,"href":"https:\/\/df-nyt.dk\/blog\/wp-json\/wp\/v2\/users\/10"}],"replies":[{"embeddable":true,"href":"https:\/\/df-nyt.dk\/blog\/wp-json\/wp\/v2\/comments?post=15597"}],"version-history":[{"count":4,"href":"https:\/\/df-nyt.dk\/blog\/wp-json\/wp\/v2\/posts\/15597\/revisions"}],"predecessor-version":[{"id":108851,"href":"https:\/\/df-nyt.dk\/blog\/wp-json\/wp\/v2\/posts\/15597\/revisions\/108851"}],"wp:attachment":[{"href":"https:\/\/df-nyt.dk\/blog\/wp-json\/wp\/v2\/media?parent=15597"}],"wp:term":[{"taxonomy":"category","embeddable":true,"href":"https:\/\/df-nyt.dk\/blog\/wp-json\/wp\/v2\/categories?post=15597"},{"taxonomy":"post_tag","embeddable":true,"href":"https:\/\/df-nyt.dk\/blog\/wp-json\/wp\/v2\/tags?post=15597"}],"curies":[{"name":"wp","href":"https:\/\/api.w.org\/{rel}","templated":true}]}}