{"id":15599,"date":"2011-01-24T17:48:59","date_gmt":"2011-01-24T16:48:59","guid":{"rendered":"http:\/\/df-nyt.dk\/?p=15599"},"modified":"2026-01-23T14:57:33","modified_gmt":"2026-01-23T13:57:33","slug":"15599","status":"publish","type":"post","link":"https:\/\/df-nyt.dk\/blog\/15599\/","title":{"rendered":"Dansk muslingeskrab i strid med EU lov"},"content":{"rendered":"<p>Trods kritik fra EU har Danmark fornyet tilladelsen til natur\u00f8del\u00e6ggende muslingeskrab i Limfjorden. Skriver SF i sin pressemeddelelse<\/p>\n<p>Og &#8211; SF forts\u00e6tter med f\u00f8lgende.<br \/>\nEU har nu indledt sag mod Danmark for overtr\u00e6delse af EU\u00b4s naturbeskyttelsesregler.<\/p>\n<p>I oktober 2008 indsendte Danmarks Naturfredningsforening (DN)en klage til Kommissionen over muslingeskrab i Limfjorden, der er klassificeret som EU beskyttet naturomr\u00e5de.<\/p>\n<p>Problemet med muslingefiskeri i Limfjorden er, at man benytter sig af en &#8220;skrabemetode&#8221;, hvor hele havbunden gennempl\u00f8jes og truer dyre &#8211; og plantelivet p\u00e5 bunden af fjorden.<\/p>\n<p>Kommissionen bad efterf\u00f8lgende den danske regering om dokumentation for, at muslingefiskeriet i Limfjorden ikke har en negativ indvirkning p\u00e5 naturomr\u00e5det.<\/p>\n<p>De danske analyser var imidlertid utilstr\u00e6kkelige, og efterf\u00f8lgende analyser har da ogs\u00e5 bekr\u00e6ftet DN\u00b4s bekymring.<\/p>\n<p>P\u00e5 den baggrund indledte Kommissionen sidste \u00e5r en sag mod Danmark for brud p\u00e5 EU regler.<\/p>\n<p>Den danske regering har svaret p\u00e5 Kommissionens anklage, men svaret er ikke offentligt og man kan derfor kun g\u00e6tte p\u00e5, at regeringen n\u00e6gter at erkende de alvorlige konsekvenser af muslingeskrabet.<\/p>\n<p>Heldigvis har DN ogs\u00e5 klaget til Borgerklageudvalget, hvor dr\u00f8ftelserne mellem udvalget, Kommissionen og klagerne foreg\u00e5r i fuld \u00e5benhed.<\/p>\n<p>Udvalget skal behandle klagen tirsdag formiddag hvor b\u00e5de DN, Kommissionen og muligvis ogs\u00e5 den danske regering vil tage del i debatten Skriver SF i sin pressemeddelelse<\/p>\n<p><a href=\"http:\/\/www.sf.dk\/presse\/nyheder\">L\u00e6s flere nyheder &#8230; p\u00e5 deres hjemmeside <\/a><\/p>\n<p>****************************************<\/p>\n","protected":false},"excerpt":{"rendered":"<p>Trods kritik fra EU har Danmark fornyet tilladelsen til natur\u00f8del\u00e6ggende muslingeskrab i Limfjorden. Skriver SF i sin pressemeddelelse Og &#8211; SF forts\u00e6tter med f\u00f8lgende. EU har nu indledt sag mod Danmark for overtr\u00e6delse af EU\u00b4s naturbeskyttelsesregler. I oktober 2008 indsendte Danmarks Naturfredningsforening (DN)en klage til Kommissionen over muslingeskrab i Limfjorden, der er klassificeret som EU [&hellip;]<\/p>\n","protected":false},"author":10,"featured_media":0,"comment_status":"open","ping_status":"closed","sticky":false,"template":"","format":"standard","meta":{"footnotes":""},"categories":[1],"tags":[],"class_list":["post-15599","post","type-post","status-publish","format-standard","hentry","category-df-nyt-dk"],"_links":{"self":[{"href":"https:\/\/df-nyt.dk\/blog\/wp-json\/wp\/v2\/posts\/15599","targetHints":{"allow":["GET"]}}],"collection":[{"href":"https:\/\/df-nyt.dk\/blog\/wp-json\/wp\/v2\/posts"}],"about":[{"href":"https:\/\/df-nyt.dk\/blog\/wp-json\/wp\/v2\/types\/post"}],"author":[{"embeddable":true,"href":"https:\/\/df-nyt.dk\/blog\/wp-json\/wp\/v2\/users\/10"}],"replies":[{"embeddable":true,"href":"https:\/\/df-nyt.dk\/blog\/wp-json\/wp\/v2\/comments?post=15599"}],"version-history":[{"count":3,"href":"https:\/\/df-nyt.dk\/blog\/wp-json\/wp\/v2\/posts\/15599\/revisions"}],"predecessor-version":[{"id":111649,"href":"https:\/\/df-nyt.dk\/blog\/wp-json\/wp\/v2\/posts\/15599\/revisions\/111649"}],"wp:attachment":[{"href":"https:\/\/df-nyt.dk\/blog\/wp-json\/wp\/v2\/media?parent=15599"}],"wp:term":[{"taxonomy":"category","embeddable":true,"href":"https:\/\/df-nyt.dk\/blog\/wp-json\/wp\/v2\/categories?post=15599"},{"taxonomy":"post_tag","embeddable":true,"href":"https:\/\/df-nyt.dk\/blog\/wp-json\/wp\/v2\/tags?post=15599"}],"curies":[{"name":"wp","href":"https:\/\/api.w.org\/{rel}","templated":true}]}}