{"id":15604,"date":"2011-01-24T23:53:14","date_gmt":"2011-01-24T22:53:14","guid":{"rendered":"http:\/\/df-nyt.dk\/?p=15604"},"modified":"2024-02-04T22:31:31","modified_gmt":"2024-02-04T21:31:31","slug":"q-freedom-hojreflojens-muntre-hjorne","status":"publish","type":"post","link":"https:\/\/df-nyt.dk\/blog\/q-freedom-hojreflojens-muntre-hjorne\/","title":{"rendered":"Q Freedom, h\u00f8jrefl\u00f8jens muntre hj\u00f8rne"},"content":{"rendered":"<p><img loading=\"lazy\" decoding=\"async\" class=\"alignleft size-full \" title=\"291220102041\" src=\"https:\/\/df-nyt.dk\/\/wp-content\/uploads\/291220102041.png\" alt=\"\" width=\"213\" height=\"143\" \/><\/p>\n<p>Q Freedom, h\u00f8jrefl\u00f8jens muntre hj\u00f8rne<br \/>\nQ Freedom er en forening p\u00e5 den yderste h\u00f8jrefl\u00f8j som tog over hvor foreningen Kvinder for frihed slap i slutningen af 2008.<\/p>\n<p>Med en ny forkvinde, Liselott Blixt, fors\u00f8gte man i slutningen af 2010. at <a href=\"https:\/\/df-nyt.dk\/?p=13959\">sparke<\/a> liv i foreningen Kvinder for frihed igen.<\/p>\n<p>Det fors\u00f8g oph\u00f8rte, stort set med <a href=\"https:\/\/df-nyt.dk\/?p=12190\">citronm\u00e5ne-happeningen.<\/a><\/p>\n<p>Q Freedom blev stiftet januar 2009. med et moderigtigt navn som nok har f\u00e5et mange til at tro at der var tale om noget nyt.<\/p>\n<p>Det er der ikke&#8230;<br \/>\nT\u00f8rkl\u00e6dehysteriet forts\u00e6tter i bedste trykkefrihedsselskabsstil, som da det i sin tid blev startet op.<\/p>\n<p>Forkvinden Elmas Berke holder sig ikke tilbage.<br \/>\nP\u00e5 internettet kan hun opleves som skribent p\u00e5 hadesiden eticha, der har tilslutning fra Louise Freevers gamle webmaster Ebbe Talleruphuus, Nicolai Sennels, Anne Marie Buch og Hans Erling Jensen.<\/p>\n<p>Forbindelser til foreninger som SIAD, Trykkefrihedsselskabet, Dansk Folkeparti og Den Danske Forening m.v. er vel overfl\u00f8dige at n\u00e6vne<\/p>\n<p>Vi befinder os i det senarie s\u00e5 langt ude p\u00e5 h\u00f8jrefl\u00f8jen at det sikkert har v\u00e6ret n\u00f8dvendigt,<br \/>\nat forl\u00e6nge den med et br\u00e6t.<\/p>\n<p><img loading=\"lazy\" decoding=\"async\" class=\"  alignnone\" title=\"240120112334\" src=\"https:\/\/df-nyt.dk\/\/wp-content\/uploads\/240120112334.png\" alt=\"\" width=\"355\" height=\"223\" \/><\/p>\n<p>Billedet: Anne Marie Buch ankommer og Elmas Berke vil gerne vise hvor dygtig hun har v\u00e6ret,<br \/>\ns\u00e5 hun drejer sig s\u00e5 Anne Marie kan se det hun har sat fast p\u00e5 ryggen af sin jakke.<\/p>\n<p><img loading=\"lazy\" decoding=\"async\" class=\"  alignnone\" title=\"240120112344\" src=\"https:\/\/df-nyt.dk\/\/wp-content\/uploads\/240120112344.png\" alt=\"\" width=\"357\" height=\"204\" \/><\/p>\n<p>Billedet: Ja -Det var virkeligt morsomt, -syntes man.<\/p>\n<p><img loading=\"lazy\" decoding=\"async\" class=\"  alignnone\" title=\"260120111759\" src=\"https:\/\/df-nyt.dk\/\/wp-content\/uploads\/260120111759.png\" alt=\"\" width=\"362\" height=\"169\" \/><\/p>\n<p>Billedet: Elmas Berke, Karen West, Inger Rosenberg Larsen og Anne Marie Buch (bannerholder th.)<\/p>\n<p>For yderlig l\u00e6sning  <\/p>\n<p><a href=\"https:\/\/df-nyt.dk\/?p=19471\"><span style=\"text-decoration: underline;\">Er det iorden at pr\u00e6ster st\u00f8tter ydmygelser af b\u00f8rn?<\/span><\/a><br \/>\n&nbsp;<br \/>\n<a href=\"https:\/\/df-nyt.dk\/?p=13959\"><span style=\"text-decoration: underline;\">Ingen gider foreningen &#8216;Kvinder for frihed&#8217; <\/span><\/a><br \/>\n&nbsp;<br \/>\n<a href=\"https:\/\/df-nyt.dk\/?p=12495\"><span style=\"text-decoration: underline;\">Firma med flere kasketter hyret af Jobcenter <\/span><\/a><br \/>\n&nbsp;<br \/>\n<a href=\"https:\/\/df-nyt.dk\/?p=15438\"><span style=\"text-decoration: underline;\">Skandal\u00f8s demostration i K\u00f8benhavn<\/span><\/a><br \/>\n&nbsp;<br \/>\n<a href=\"https:\/\/df-nyt.dk\/netv\u00e6rket-extra-det-store-islamofobiske-korstog\/\"><span style=\"text-decoration: underline;\">Netv\u00e6rket extra: Det store islamofobiske korstog<\/span><\/a><br \/>\n&nbsp;<br \/>\n<a href=\"https:\/\/df-nyt.dk\/?p=15713\"><span style=\"text-decoration: underline;\">Et indblik i demonstrationen mod Hizb-ut-Tahrir&#8217;s debatm\u00f8de \u2013 21\/1 2011<\/span><\/a><br \/>\n&nbsp;<br \/>\n<a href=\"https:\/\/df-nyt.dk\/?p=16029\"><span style=\"text-decoration: underline;\">Kvindebev\u00e6gelsen Q Freedom og den &#8216;skjulte&#8217; dagsorden <\/span><\/a><\/p>\n","protected":false},"excerpt":{"rendered":"<p>Q Freedom, h\u00f8jrefl\u00f8jens muntre hj\u00f8rne Q Freedom er en forening p\u00e5 den yderste h\u00f8jrefl\u00f8j som tog over hvor foreningen Kvinder for frihed slap i slutningen af 2008. Med en ny forkvinde, Liselott Blixt, fors\u00f8gte man i slutningen af 2010. at sparke liv i foreningen Kvinder for frihed igen. Det fors\u00f8g oph\u00f8rte, stort set med citronm\u00e5ne-happeningen. [&hellip;]<\/p>\n","protected":false},"author":10,"featured_media":0,"comment_status":"open","ping_status":"closed","sticky":false,"template":"","format":"standard","meta":{"footnotes":""},"categories":[1],"tags":[],"class_list":["post-15604","post","type-post","status-publish","format-standard","hentry","category-df-nyt-dk"],"_links":{"self":[{"href":"https:\/\/df-nyt.dk\/blog\/wp-json\/wp\/v2\/posts\/15604","targetHints":{"allow":["GET"]}}],"collection":[{"href":"https:\/\/df-nyt.dk\/blog\/wp-json\/wp\/v2\/posts"}],"about":[{"href":"https:\/\/df-nyt.dk\/blog\/wp-json\/wp\/v2\/types\/post"}],"author":[{"embeddable":true,"href":"https:\/\/df-nyt.dk\/blog\/wp-json\/wp\/v2\/users\/10"}],"replies":[{"embeddable":true,"href":"https:\/\/df-nyt.dk\/blog\/wp-json\/wp\/v2\/comments?post=15604"}],"version-history":[{"count":1,"href":"https:\/\/df-nyt.dk\/blog\/wp-json\/wp\/v2\/posts\/15604\/revisions"}],"predecessor-version":[{"id":102106,"href":"https:\/\/df-nyt.dk\/blog\/wp-json\/wp\/v2\/posts\/15604\/revisions\/102106"}],"wp:attachment":[{"href":"https:\/\/df-nyt.dk\/blog\/wp-json\/wp\/v2\/media?parent=15604"}],"wp:term":[{"taxonomy":"category","embeddable":true,"href":"https:\/\/df-nyt.dk\/blog\/wp-json\/wp\/v2\/categories?post=15604"},{"taxonomy":"post_tag","embeddable":true,"href":"https:\/\/df-nyt.dk\/blog\/wp-json\/wp\/v2\/tags?post=15604"}],"curies":[{"name":"wp","href":"https:\/\/api.w.org\/{rel}","templated":true}]}}