{"id":15629,"date":"2011-01-25T11:28:03","date_gmt":"2011-01-25T10:28:03","guid":{"rendered":"http:\/\/df-nyt.dk\/?p=15629"},"modified":"2025-07-07T10:07:47","modified_gmt":"2025-07-07T08:07:47","slug":"regeringen-skal-slas-for-danske-virksomheder-i-eu","status":"publish","type":"post","link":"https:\/\/df-nyt.dk\/blog\/regeringen-skal-slas-for-danske-virksomheder-i-eu\/","title":{"rendered":"Regeringen skal sl\u00e5s for danske virksomheder i EU"},"content":{"rendered":"<p><strong><a href=\"https:\/\/df-nyt.dk\/blog\/wp-content\/uploads\/250120111126.png\"><img loading=\"lazy\" decoding=\"async\" class=\"alignleft size-full wp-image-15630\" title=\"250120111126\" src=\"https:\/\/df-nyt.dk\/blog\/wp-content\/uploads\/250120111126.png\" alt=\"\" width=\"274\" height=\"206\" \/><\/a><\/strong><\/p>\n<p>Regeringen har sovet i timen og ladet Danmarks nettobidrag vokse til EU uden at sikre danske m\u00e6rkesager; mere fokus p\u00e5 vedvarende energi, f\u00f8devarekvalitet og nye v\u00e6kstomr\u00e5der. Skriver SF i sin pressemeddelelse <\/p>\n<p>&#8211; og forts\u00e6tter.<br \/>\nEU\u2019s budget fokuserer p\u00e5 fortidens industrier og det h\u00e6lder Danmark nu milliarder i.<\/p>\n<p>\u201dRegeringen m\u00e5 kridte skoene og sikre danske m\u00e6rkesager i det nye EU-budget.<br \/>\nJo mere der kan flyttes over til forskning og innovation, jo mere kan danske virksomheder f\u00e5 gavn af EU-midler.<\/p>\n<p>Men n\u00e5r budgettet er lagt fast er det regeringens ansvar, at hive penge hjem til danske virksomheder p\u00e5 de poster der nu engang er\u201d, udtaler SF\u2019s EU-ordf\u00f8rer Pia Olsen Dyhr.<\/p>\n<p>SF har sammen Socialdemokraterne fremlagt en ny regerings prioriteter til EU\u2019s nye budget.<\/p>\n<p>De usolidariske rabatordninger for de rige lande skal v\u00e6k og EU\u2019s budget skal fokusere p\u00e5 v\u00e6kst og innovation.<\/p>\n<p>\u201dEU\u2019s budget skal fokusere p\u00e5 fremtidens v\u00e6kstomr\u00e5der.<\/p>\n<p>Men ogs\u00e5 inden for budgettet til landbrug skal vi bruge alle kr\u00e6fter p\u00e5 at flytte s\u00e5 store bel\u00f8b som muligt over til udvikling af ny teknologi inden for landbrug, milj\u00f8- og naturbeskyttelse, klimatiltag, \u00f8kologi og forbedring af kvaliteten af vores f\u00f8devarer.<\/p>\n<p>Det vil b\u00e5de gavne danske virksomheder og hive flere penge hjem til Danmark\u201d, slutter Pia Olsen Dyhr, if\u00f8lge pressemeddelelsen fra SF.<\/p>\n<p>For yderlig l\u00e6sning.<\/p>\n<p><a href=\"http:\/\/www.sf.dk\"><span style=\"text-decoration: underline;\">\/\/.sf.dk\/seneste-nyt<\/span><\/a><br \/>\n&nbsp;<br \/>\n<a href=\"https:\/\/www.greens-efa.eu\/\"><span style=\"text-decoration: underline;\">Se den Gr\u00f8nne gruppe i parlamentet der<\/span><\/a><br \/>\n&nbsp;<\/p>\n","protected":false},"excerpt":{"rendered":"<p>Regeringen har sovet i timen og ladet Danmarks nettobidrag vokse til EU uden at sikre danske m\u00e6rkesager; mere fokus p\u00e5 vedvarende energi, f\u00f8devarekvalitet og nye v\u00e6kstomr\u00e5der. Skriver SF i sin pressemeddelelse &#8211; og forts\u00e6tter. EU\u2019s budget fokuserer p\u00e5 fortidens industrier og det h\u00e6lder Danmark nu milliarder i. \u201dRegeringen m\u00e5 kridte skoene og sikre danske m\u00e6rkesager [&hellip;]<\/p>\n","protected":false},"author":10,"featured_media":0,"comment_status":"open","ping_status":"closed","sticky":false,"template":"","format":"standard","meta":{"footnotes":""},"categories":[1],"tags":[],"class_list":["post-15629","post","type-post","status-publish","format-standard","hentry","category-df-nyt-dk"],"_links":{"self":[{"href":"https:\/\/df-nyt.dk\/blog\/wp-json\/wp\/v2\/posts\/15629","targetHints":{"allow":["GET"]}}],"collection":[{"href":"https:\/\/df-nyt.dk\/blog\/wp-json\/wp\/v2\/posts"}],"about":[{"href":"https:\/\/df-nyt.dk\/blog\/wp-json\/wp\/v2\/types\/post"}],"author":[{"embeddable":true,"href":"https:\/\/df-nyt.dk\/blog\/wp-json\/wp\/v2\/users\/10"}],"replies":[{"embeddable":true,"href":"https:\/\/df-nyt.dk\/blog\/wp-json\/wp\/v2\/comments?post=15629"}],"version-history":[{"count":4,"href":"https:\/\/df-nyt.dk\/blog\/wp-json\/wp\/v2\/posts\/15629\/revisions"}],"predecessor-version":[{"id":108707,"href":"https:\/\/df-nyt.dk\/blog\/wp-json\/wp\/v2\/posts\/15629\/revisions\/108707"}],"wp:attachment":[{"href":"https:\/\/df-nyt.dk\/blog\/wp-json\/wp\/v2\/media?parent=15629"}],"wp:term":[{"taxonomy":"category","embeddable":true,"href":"https:\/\/df-nyt.dk\/blog\/wp-json\/wp\/v2\/categories?post=15629"},{"taxonomy":"post_tag","embeddable":true,"href":"https:\/\/df-nyt.dk\/blog\/wp-json\/wp\/v2\/tags?post=15629"}],"curies":[{"name":"wp","href":"https:\/\/api.w.org\/{rel}","templated":true}]}}