{"id":15697,"date":"2011-01-26T09:55:14","date_gmt":"2011-01-26T08:55:14","guid":{"rendered":"http:\/\/df-nyt.dk\/?p=15697"},"modified":"2025-07-07T10:05:06","modified_gmt":"2025-07-07T08:05:06","slug":"ingen-hj%c3%a6lp-til-folk-pa-kontanthj%c3%a6lp","status":"publish","type":"post","link":"https:\/\/df-nyt.dk\/blog\/ingen-hj%c3%a6lp-til-folk-pa-kontanthj%c3%a6lp\/","title":{"rendered":"Ingen hj\u00e6lp til folk p\u00e5 kontanthj\u00e6lp"},"content":{"rendered":"<p><img loading=\"lazy\" decoding=\"async\" class=\"alignleft size-ful\" title=\"260120110954\" src=\"https:\/\/df-nyt.dk\/blog\/wp-content\/uploads\/260120110954.png\" alt=\"\" width=\"238\" height=\"136\" \/>Kontanthj\u00e6lpsmodtagere kan bare melde sig ud af deres fagforening \u2013 hvis de vil have lidt ekstra kroner at leve for om m\u00e5neden.<\/p>\n<p>Og det er i \u00f8vrigt slet ikke vigtigt for folk p\u00e5 kontanthj\u00e6lp at v\u00e6re medlem af en fagforening.<\/p>\n<p>Det var holdningen tirsdag aften i byr\u00e5det hos de borgerlige partier med den konservative Henrik Nielsen og Venstre-manden Lars Erik Hornemann i front \u2013 samt hos den tidligere SF\u2019er, nu l\u00f8sg\u00e6nger Masoum Moradi.<\/p>\n<p>Tilsammen er de et flertal.<br \/>\nDermed kan kommunens Borgerservice forts\u00e6tte en \u00e5relang praksis, n\u00e5r de beregner, hvad en kontanthj\u00e6lpsmodtager har til r\u00e5dighed til at leve for \u2013 fagforeningskontingent og efterl\u00f8nsbidrag er un\u00f8dvendige udgifter if\u00f8lge Borgerservice.<\/p>\n<p>Fronterne var trukket skarp op under byr\u00e5dets debat, der var foranlediget af et forslag fra Enhedslistens Jesper Kiel.<\/p>\n<p>Han havde foresl\u00e5et byr\u00e5det at vedtage f\u00f8lgende: &#8230;<\/p>\n<p>Skriver Frede Jakobsen p\u00e5 den nye flotte Svendborg Netavis . . .<br \/>\n\/\/www.svendborgsnetavis.dk\/ingen-hj%C3%A6lp-til-folk-pa-kontanthj%C3%A6lp\/&#8221; L\u00e6s mere DER <\/p>\n","protected":false},"excerpt":{"rendered":"<p>Kontanthj\u00e6lpsmodtagere kan bare melde sig ud af deres fagforening \u2013 hvis de vil have lidt ekstra kroner at leve for om m\u00e5neden. Og det er i \u00f8vrigt slet ikke vigtigt for folk p\u00e5 kontanthj\u00e6lp at v\u00e6re medlem af en fagforening. Det var holdningen tirsdag aften i byr\u00e5det hos de borgerlige partier med den konservative Henrik [&hellip;]<\/p>\n","protected":false},"author":10,"featured_media":0,"comment_status":"open","ping_status":"closed","sticky":false,"template":"","format":"standard","meta":{"footnotes":""},"categories":[1],"tags":[],"class_list":["post-15697","post","type-post","status-publish","format-standard","hentry","category-df-nyt-dk"],"_links":{"self":[{"href":"https:\/\/df-nyt.dk\/blog\/wp-json\/wp\/v2\/posts\/15697","targetHints":{"allow":["GET"]}}],"collection":[{"href":"https:\/\/df-nyt.dk\/blog\/wp-json\/wp\/v2\/posts"}],"about":[{"href":"https:\/\/df-nyt.dk\/blog\/wp-json\/wp\/v2\/types\/post"}],"author":[{"embeddable":true,"href":"https:\/\/df-nyt.dk\/blog\/wp-json\/wp\/v2\/users\/10"}],"replies":[{"embeddable":true,"href":"https:\/\/df-nyt.dk\/blog\/wp-json\/wp\/v2\/comments?post=15697"}],"version-history":[{"count":4,"href":"https:\/\/df-nyt.dk\/blog\/wp-json\/wp\/v2\/posts\/15697\/revisions"}],"predecessor-version":[{"id":108702,"href":"https:\/\/df-nyt.dk\/blog\/wp-json\/wp\/v2\/posts\/15697\/revisions\/108702"}],"wp:attachment":[{"href":"https:\/\/df-nyt.dk\/blog\/wp-json\/wp\/v2\/media?parent=15697"}],"wp:term":[{"taxonomy":"category","embeddable":true,"href":"https:\/\/df-nyt.dk\/blog\/wp-json\/wp\/v2\/categories?post=15697"},{"taxonomy":"post_tag","embeddable":true,"href":"https:\/\/df-nyt.dk\/blog\/wp-json\/wp\/v2\/tags?post=15697"}],"curies":[{"name":"wp","href":"https:\/\/api.w.org\/{rel}","templated":true}]}}