{"id":15700,"date":"2011-01-26T12:09:38","date_gmt":"2011-01-26T11:09:38","guid":{"rendered":"http:\/\/df-nyt.dk\/?p=15700"},"modified":"2026-01-06T06:13:06","modified_gmt":"2026-01-06T05:13:06","slug":"radikale-frygter-besparelser-pa-antidepressiv-vil-give-flere-selvmord","status":"publish","type":"post","link":"https:\/\/df-nyt.dk\/blog\/radikale-frygter-besparelser-pa-antidepressiv-vil-give-flere-selvmord\/","title":{"rendered":"Radikale frygter besparelser p\u00e5 antidepressiv vil give flere selvmord"},"content":{"rendered":"<p><img loading=\"lazy\" decoding=\"async\" class=\"wp-image-11384 size-full alignleft\" title=\"281020101421\" src=\"https:\/\/df-nyt.dk\/blog\/wp-content\/uploads\/281020101421.png\" width=\"141\" height=\"50\" \/><\/p>\n<p>Anne Marie Geisler Andersen, Radikale Venstres psykiatriordf\u00f8rer, har torsdag kaldt sundhedsministeren i samr\u00e5d om oml\u00e6gningen af tilskud til antidepressiv medicin.<\/p>\n<p>Skriver de Radikale i sin pressemeddelelse &#8211; og forts\u00e6tter.<\/p>\n<p>Oml\u00e6gningen er en farlig vej, hvis man ikke har \u00f8je p\u00e5 patienterne, mener Anne Marie Geisler Andersen.<\/p>\n<p>&#8220;Jeg er is\u00e6r bekymret for, hvis der ikke i tilstr\u00e6kkelig grad tages hensyn til, at der er stor forskel p\u00e5, hvordan mennesker reagerer p\u00e5 forskellige former for antidepressiv medicin.<\/p>\n<p>Ikke alle har gavn af samme l\u00e6gemiddel, p\u00e5 samme m\u00e5de.<\/p>\n<p>Der kan ogs\u00e5 v\u00e6re stor forskel i bivirkningerne. Det er vigtigt, vi holder patienterne fri for regeringens sparefetich,&#8221; siger Anne Marie Geisler Andersen.<\/p>\n<p>&#8220;Hvis der kun bliver generelt tilskud til et enkelt pr\u00e6parat, m\u00e5 de patienter, som ikke har gavn af dette, h\u00e5be p\u00e5 at f\u00e5 enkelttilskud.<\/p>\n<p>Det betyder, at l\u00e6ger og psykiatere vil skulle bruge en st\u00f8rre del af deres tid p\u00e5 at udfylde ans\u00f8gninger &#8211; tid som g\u00e5r fra patienten.<\/p>\n<p>Desuden er der risiko for, at ans\u00f8gningsprocessen vil forsinke behandlingens start, hvilket kan medf\u00f8re sygdomsforv\u00e6rring.<\/p>\n<p>Ogs\u00e5 har vi som politikere skudt os selv i foden,&#8221; siger Anne Marie Geisler Andersen<\/p>\n<p>&#8220;En anden bekymring g\u00e5r p\u00e5, hvis velbehandlede patienter nu skal starte forfra p\u00e5 det billigste pr\u00e6p arat for at kunne f\u00e5 tilskud.<\/p>\n<p>Dette kan f\u00e5 alvorlige konsekvenser i form af flere tilbagefald, genindl\u00e6ggelser og i yderste konsekvens flere selvmord.<\/p>\n<p>Det m\u00e5 ikke ske, og det er derfor, at jeg har kaldt ministeren i samr\u00e5d,&#8221; siger Anne Marie Geisler Andersen.<\/p>\n<p>Patienter kan have brugt op til flere \u00e5r p\u00e5 at finde den medicin, der har st\u00f8rst effekt og f\u00e6rrest mulige bivirkninger.<\/p>\n<p>Som et absolut minimum forlanger Radikale Venstres psykiatriordf\u00f8rer, at det b\u00f8r sikres, at de mennesker, der allerede har fors\u00f8gt sig med det billigste pr\u00e6parat uden effekt, ikke skal gennem samme m\u00f8lle en gang til.<\/p>\n<p>L\u00e6s flere nyheder fra de Radikale&#8230; <a href=\"http:\/\/www.radikale.dk\/\">DER <\/a><\/p>\n<p>**************************<\/p>\n","protected":false},"excerpt":{"rendered":"<p>Anne Marie Geisler Andersen, Radikale Venstres psykiatriordf\u00f8rer, har torsdag kaldt sundhedsministeren i samr\u00e5d om oml\u00e6gningen af tilskud til antidepressiv medicin. Skriver de Radikale i sin pressemeddelelse &#8211; og forts\u00e6tter. Oml\u00e6gningen er en farlig vej, hvis man ikke har \u00f8je p\u00e5 patienterne, mener Anne Marie Geisler Andersen. &#8220;Jeg er is\u00e6r bekymret for, hvis der ikke i [&hellip;]<\/p>\n","protected":false},"author":10,"featured_media":0,"comment_status":"open","ping_status":"closed","sticky":false,"template":"","format":"standard","meta":{"footnotes":""},"categories":[1],"tags":[],"class_list":["post-15700","post","type-post","status-publish","format-standard","hentry","category-df-nyt-dk"],"_links":{"self":[{"href":"https:\/\/df-nyt.dk\/blog\/wp-json\/wp\/v2\/posts\/15700","targetHints":{"allow":["GET"]}}],"collection":[{"href":"https:\/\/df-nyt.dk\/blog\/wp-json\/wp\/v2\/posts"}],"about":[{"href":"https:\/\/df-nyt.dk\/blog\/wp-json\/wp\/v2\/types\/post"}],"author":[{"embeddable":true,"href":"https:\/\/df-nyt.dk\/blog\/wp-json\/wp\/v2\/users\/10"}],"replies":[{"embeddable":true,"href":"https:\/\/df-nyt.dk\/blog\/wp-json\/wp\/v2\/comments?post=15700"}],"version-history":[{"count":3,"href":"https:\/\/df-nyt.dk\/blog\/wp-json\/wp\/v2\/posts\/15700\/revisions"}],"predecessor-version":[{"id":110869,"href":"https:\/\/df-nyt.dk\/blog\/wp-json\/wp\/v2\/posts\/15700\/revisions\/110869"}],"wp:attachment":[{"href":"https:\/\/df-nyt.dk\/blog\/wp-json\/wp\/v2\/media?parent=15700"}],"wp:term":[{"taxonomy":"category","embeddable":true,"href":"https:\/\/df-nyt.dk\/blog\/wp-json\/wp\/v2\/categories?post=15700"},{"taxonomy":"post_tag","embeddable":true,"href":"https:\/\/df-nyt.dk\/blog\/wp-json\/wp\/v2\/tags?post=15700"}],"curies":[{"name":"wp","href":"https:\/\/api.w.org\/{rel}","templated":true}]}}