{"id":15702,"date":"2011-01-26T12:23:13","date_gmt":"2011-01-26T11:23:13","guid":{"rendered":"http:\/\/df-nyt.dk\/?p=15702"},"modified":"2024-02-04T22:35:47","modified_gmt":"2024-02-04T21:35:47","slug":"facebook-protest-mod-sfo-ordning","status":"publish","type":"post","link":"https:\/\/df-nyt.dk\/blog\/facebook-protest-mod-sfo-ordning\/","title":{"rendered":"Facebook-protest mod SFO-ordning"},"content":{"rendered":"<p><img loading=\"lazy\" decoding=\"async\" class=\"alignleft\" title=\"260120111215\" src=\"https:\/\/df-nyt.dk\/\/wp-content\/uploads\/260120111215.png\" alt=\"\" width=\"155\" height=\"122\" \/><\/p>\n<p>Utilfredsheden mere end ulmer p\u00e5 Facebook med politikernes beslutning om, at der i ferier kun skal v\u00e6re en SFO \u00e5ben.<\/p>\n<p>Lotta Ferkinghoff-Borg har oprettede Facebook-gruppen &#8216;Aller\u00f8d SFO-cirkus&#8217;.<br \/>\nOg kommentarerne p\u00e5 gruppens v\u00e6g er ikke til at tage fejl af:<\/p>\n<p>&#8216;Rystende at en s\u00e5dan plan kan blive effektueret&#8217;, skriver \u00e9n, mens en anden sp\u00f8rger:<\/p>\n<p>&#8216;Har lige ans\u00f8gt om to mdr. udskudt barsel for at kunne passe mit skolebarn i sommerferien: Dyrt for Aller\u00f8d kommune. Er der andre der har gjort det samme?&#8217;.<\/p>\n<p>En tredie er &#8216;chokeret over at et lille barn, som starter indskoling, hvor man er lidt usikker, skal kastes rundt i systemet p\u00e5 denne m\u00e5de&#8217; &#8230;<\/p>\n<p>&#8216;Aller\u00f8d kommune er bindegale!&#8217; og &#8216;en svinestreg&#8217; er andre af synspunkterne.<\/p>\n<p>Referance<br \/>\n\/\/alleroed.lokalavisen.dk \/facebook-protest-mod-sfo ordning\/20110126\/artikler\/110129452\/1007&#8243;&gt;LokalAvisen<\/p>\n<p>FaceBook-Gruppen \/\/facebook.com\/home.php?sk=group_182369588461426&#8243;<\/p>\n<p>For yderlig l\u00e6sning<\/p>\n<p><a href=\"https:\/\/df-nyt.dk\/velkommen-til-hyacinths-verden\/\" target=\"_blank\" rel=\"noopener noreferrer\"><span style=\"text-decoration: underline;\">Netavisen BT\u2019s serie, Velkommen til Hyacinths verden, forts\u00e6tter<\/span><\/a><\/p>\n","protected":false},"excerpt":{"rendered":"<p>Utilfredsheden mere end ulmer p\u00e5 Facebook med politikernes beslutning om, at der i ferier kun skal v\u00e6re en SFO \u00e5ben. Lotta Ferkinghoff-Borg har oprettede Facebook-gruppen &#8216;Aller\u00f8d SFO-cirkus&#8217;. Og kommentarerne p\u00e5 gruppens v\u00e6g er ikke til at tage fejl af: &#8216;Rystende at en s\u00e5dan plan kan blive effektueret&#8217;, skriver \u00e9n, mens en anden sp\u00f8rger: &#8216;Har lige [&hellip;]<\/p>\n","protected":false},"author":10,"featured_media":0,"comment_status":"open","ping_status":"closed","sticky":false,"template":"","format":"standard","meta":{"footnotes":""},"categories":[1],"tags":[],"class_list":["post-15702","post","type-post","status-publish","format-standard","hentry","category-df-nyt-dk"],"_links":{"self":[{"href":"https:\/\/df-nyt.dk\/blog\/wp-json\/wp\/v2\/posts\/15702","targetHints":{"allow":["GET"]}}],"collection":[{"href":"https:\/\/df-nyt.dk\/blog\/wp-json\/wp\/v2\/posts"}],"about":[{"href":"https:\/\/df-nyt.dk\/blog\/wp-json\/wp\/v2\/types\/post"}],"author":[{"embeddable":true,"href":"https:\/\/df-nyt.dk\/blog\/wp-json\/wp\/v2\/users\/10"}],"replies":[{"embeddable":true,"href":"https:\/\/df-nyt.dk\/blog\/wp-json\/wp\/v2\/comments?post=15702"}],"version-history":[{"count":1,"href":"https:\/\/df-nyt.dk\/blog\/wp-json\/wp\/v2\/posts\/15702\/revisions"}],"predecessor-version":[{"id":102107,"href":"https:\/\/df-nyt.dk\/blog\/wp-json\/wp\/v2\/posts\/15702\/revisions\/102107"}],"wp:attachment":[{"href":"https:\/\/df-nyt.dk\/blog\/wp-json\/wp\/v2\/media?parent=15702"}],"wp:term":[{"taxonomy":"category","embeddable":true,"href":"https:\/\/df-nyt.dk\/blog\/wp-json\/wp\/v2\/categories?post=15702"},{"taxonomy":"post_tag","embeddable":true,"href":"https:\/\/df-nyt.dk\/blog\/wp-json\/wp\/v2\/tags?post=15702"}],"curies":[{"name":"wp","href":"https:\/\/api.w.org\/{rel}","templated":true}]}}