{"id":15769,"date":"2011-01-27T10:37:54","date_gmt":"2011-01-27T09:37:54","guid":{"rendered":"http:\/\/df-nyt.dk\/?p=15769"},"modified":"2025-06-26T05:33:01","modified_gmt":"2025-06-26T03:33:01","slug":"r-international-kystvagt-ud-for-somalia","status":"publish","type":"post","link":"https:\/\/df-nyt.dk\/blog\/r-international-kystvagt-ud-for-somalia\/","title":{"rendered":"R: International kystvagt ud for Somalia"},"content":{"rendered":"<p>Radikale Venstre beder nu regeringen om en redeg\u00f8relse for mulighederne for en international kystvagt ud for Somalias kyst for im\u00f8deg\u00e5 det stigende pirateri, som foreg\u00e5r l\u00e6ngere og l\u00e6ngere fra kysten. Skriver de Radikale i sin pressemeddelelse <\/p>\n<p>&#8211; Og forts\u00e6tter med f\u00f8lgende.<br \/>\nErhvervsordf\u00f8rer Morten \u00d8stergaard har kaldt forsvarsministeren i samr\u00e5d for at dr\u00f8fte mere effektive modtr\u00e6k mod det stigende pirateri.<\/p>\n<p>&#8220;Danmark har flere tusinde gennemsejlinger i omr\u00e5det hvert \u00e5r. Pirateriet griber om sig i omfang og foreg\u00e5r l\u00e6ngere og l\u00e6ngere fra kysten.<\/p>\n<p>Danmark og EU b\u00f8r tr\u00e6kke p\u00e5 erfaringerne med bek\u00e6mpelse af menneskesmugling i Middelhavet og f\u00e5 n\u00f8je unders\u00f8gt foruds\u00e6tninger for en international kystvagt,&#8221; siger erhvervsordf\u00f8rer Morten \u00d8stergaard.<\/p>\n<p>Han mener ikke, bev\u00e6bnede vagter ombord p\u00e5 skibene er det relevante svar:<\/p>\n<p>&#8220;Vi skriver 2011 &#8211; og det kan alts\u00e5 ikke v\u00e6re rigtigt, at man vil privatisere ansvaret for bek\u00e6mpelse af pirateri.<\/p>\n<p>Det internationale samfund m\u00e5 finde svaret, som p\u00e5 kort sigt kunne v\u00e6re en international kystvagt og p\u00e5 l\u00e6ngere sigt naturligvis, at Somalia bliver udviklet i en grad, s\u00e5 lov og ret kan h\u00e5ndh\u00e6ves,&#8221; siger Morten \u00d8stergaard, som frygter, at bev\u00e6bnede vagter ombord p\u00e5 skibene blot vil f\u00e5 piraterne til at opruste.<\/p>\n<p>Forsvarsministeren skal besvare f\u00f8lgende sp\u00f8rgsm\u00e5l i et lukket samr\u00e5d i Folketingets Erhvervsudvalg:<\/p>\n<p>. Regeringen bedes redeg\u00f8re for, hvad det vil kr\u00e6ve, at inds\u00e6tte en international kystvagt ud for Somalia, og om regeringen vil arbejde for en s\u00e5dan i relevante internationale organisationer?<\/p>\n<p>Regeringen bedes redeg\u00f8re for, hvilke effektive alternativer regeringen ser til en international kystvagt ud for Somalia?<\/p>\n<p>Skriver de Radikale i sin pressemeddelelse<br \/>\nL\u00e6s flere nyheder&#8230; p\u00e5 \/\/.radikale.dk\/<br \/>\n&nbsp;<\/p>\n","protected":false},"excerpt":{"rendered":"<p>Radikale Venstre beder nu regeringen om en redeg\u00f8relse for mulighederne for en international kystvagt ud for Somalias kyst for im\u00f8deg\u00e5 det stigende pirateri, som foreg\u00e5r l\u00e6ngere og l\u00e6ngere fra kysten. Skriver de Radikale i sin pressemeddelelse &#8211; Og forts\u00e6tter med f\u00f8lgende. Erhvervsordf\u00f8rer Morten \u00d8stergaard har kaldt forsvarsministeren i samr\u00e5d for at dr\u00f8fte mere effektive modtr\u00e6k [&hellip;]<\/p>\n","protected":false},"author":10,"featured_media":0,"comment_status":"open","ping_status":"closed","sticky":false,"template":"","format":"standard","meta":{"footnotes":""},"categories":[1],"tags":[],"class_list":["post-15769","post","type-post","status-publish","format-standard","hentry","category-df-nyt-dk"],"_links":{"self":[{"href":"https:\/\/df-nyt.dk\/blog\/wp-json\/wp\/v2\/posts\/15769","targetHints":{"allow":["GET"]}}],"collection":[{"href":"https:\/\/df-nyt.dk\/blog\/wp-json\/wp\/v2\/posts"}],"about":[{"href":"https:\/\/df-nyt.dk\/blog\/wp-json\/wp\/v2\/types\/post"}],"author":[{"embeddable":true,"href":"https:\/\/df-nyt.dk\/blog\/wp-json\/wp\/v2\/users\/10"}],"replies":[{"embeddable":true,"href":"https:\/\/df-nyt.dk\/blog\/wp-json\/wp\/v2\/comments?post=15769"}],"version-history":[{"count":3,"href":"https:\/\/df-nyt.dk\/blog\/wp-json\/wp\/v2\/posts\/15769\/revisions"}],"predecessor-version":[{"id":108234,"href":"https:\/\/df-nyt.dk\/blog\/wp-json\/wp\/v2\/posts\/15769\/revisions\/108234"}],"wp:attachment":[{"href":"https:\/\/df-nyt.dk\/blog\/wp-json\/wp\/v2\/media?parent=15769"}],"wp:term":[{"taxonomy":"category","embeddable":true,"href":"https:\/\/df-nyt.dk\/blog\/wp-json\/wp\/v2\/categories?post=15769"},{"taxonomy":"post_tag","embeddable":true,"href":"https:\/\/df-nyt.dk\/blog\/wp-json\/wp\/v2\/tags?post=15769"}],"curies":[{"name":"wp","href":"https:\/\/api.w.org\/{rel}","templated":true}]}}