{"id":15776,"date":"2011-01-27T11:28:38","date_gmt":"2011-01-27T10:28:38","guid":{"rendered":"http:\/\/df-nyt.dk\/?p=15776"},"modified":"2024-08-28T20:26:35","modified_gmt":"2024-08-28T18:26:35","slug":"danmark-og-eu-skal-stotte-de-folkelige-protester-i-mellemosten","status":"publish","type":"post","link":"https:\/\/df-nyt.dk\/blog\/danmark-og-eu-skal-stotte-de-folkelige-protester-i-mellemosten\/","title":{"rendered":"Danmark og EU skal st\u00f8tte de folkelige protester i Mellem\u00f8sten"},"content":{"rendered":"<p><img loading=\"lazy\" decoding=\"async\" class=\"alignleft size-thumbnail \" title=\"270120111127\" src=\"https:\/\/df-nyt.dk\/\/wp-content\/uploads\/270120111127.png\" alt=\"\" width=\"150\" height=\"150\" \/><\/p>\n<p>Danmark og EU skal st\u00f8tte de folkelige protester i Mellem\u00f8sten<br \/>\nSkriver SF i sin pressemeddelelse \u2013og fors\u00e6tter<\/p>\n<p>Den s\u00e5kaldte Jasmin-revolution i Tunesien, hvor diktatoren, Ben Ali, blev smidt p\u00e5 porten var et storsl\u00e5et eksempel p\u00e5 hvordan folkelige protester og moderne kommunikation kan underminere et autorit\u00e6rt regime, siger SFs udenrigspolitiske ordf\u00f8rer, Holger K. Nielsen.<\/p>\n<p>Det er uhyre positivt at protesterne har spredt sig til andre arabiske lande, ikke mindst \u00c6gypten, hvor regimet er kommet i vanskeligheder.<\/p>\n<p>Ligesom i Tunesien tyder meget p\u00e5, at islamistiske kr\u00e6fter spiller en begr\u00e6nset rolle i protesterne i \u00c6gypten, hvilket er opl\u00f8ftende.<\/p>\n<p>I den situation er det helt afg\u00f8rende, at Danmark og EU kender deres bes\u00f8gelsestid og st\u00f8tter de folkelige opstande.<\/p>\n<p>EU m\u00e5 erkende, at man har f\u00f8rt en fejlagtig politik overfor det gamle tunesiske regime og g\u00f8re alt hvad der er muligt for at st\u00f8tte de nye, demokratiske kr\u00e6fter i landet.<\/p>\n<p>Det g\u00e6lder politisk, \u00f8konomisk og moralsk.<br \/>\nTilsvarende er det n\u00f8dvendigt med en offensiv politik i forhold til de folkelige protester i \u00c6gypten.<\/p>\n<p>Ogs\u00e5 Danmark b\u00f8r aktivt st\u00f8tte de folkelige protester, og jeg har i dag spurgt udenrigsministeren, hvilke initiativer den danske regering forbereder for at st\u00f8tte en demokratisk udvikling i Mellem\u00f8sten, siger Holger K. Nielsen, if\u00f8lge pressemeddelsen fra SF.<\/p>\n<p>For yderlig l\u00e6sning<\/p>\n<p><a href=\"https:\/\/sf.dk\/\" target=\"_blank\" rel=\"noopener noreferrer\"><span style=\"text-decoration: underline\">Seneste-nyt-fra-SF<\/span><\/a><br \/>\n&nbsp;<\/p>\n","protected":false},"excerpt":{"rendered":"<p>Danmark og EU skal st\u00f8tte de folkelige protester i Mellem\u00f8sten Skriver SF i sin pressemeddelelse \u2013og fors\u00e6tter Den s\u00e5kaldte Jasmin-revolution i Tunesien, hvor diktatoren, Ben Ali, blev smidt p\u00e5 porten var et storsl\u00e5et eksempel p\u00e5 hvordan folkelige protester og moderne kommunikation kan underminere et autorit\u00e6rt regime, siger SFs udenrigspolitiske ordf\u00f8rer, Holger K. Nielsen. Det er [&hellip;]<\/p>\n","protected":false},"author":10,"featured_media":0,"comment_status":"open","ping_status":"closed","sticky":false,"template":"","format":"standard","meta":{"footnotes":""},"categories":[1],"tags":[],"class_list":["post-15776","post","type-post","status-publish","format-standard","hentry","category-df-nyt-dk"],"_links":{"self":[{"href":"https:\/\/df-nyt.dk\/blog\/wp-json\/wp\/v2\/posts\/15776","targetHints":{"allow":["GET"]}}],"collection":[{"href":"https:\/\/df-nyt.dk\/blog\/wp-json\/wp\/v2\/posts"}],"about":[{"href":"https:\/\/df-nyt.dk\/blog\/wp-json\/wp\/v2\/types\/post"}],"author":[{"embeddable":true,"href":"https:\/\/df-nyt.dk\/blog\/wp-json\/wp\/v2\/users\/10"}],"replies":[{"embeddable":true,"href":"https:\/\/df-nyt.dk\/blog\/wp-json\/wp\/v2\/comments?post=15776"}],"version-history":[{"count":1,"href":"https:\/\/df-nyt.dk\/blog\/wp-json\/wp\/v2\/posts\/15776\/revisions"}],"predecessor-version":[{"id":104232,"href":"https:\/\/df-nyt.dk\/blog\/wp-json\/wp\/v2\/posts\/15776\/revisions\/104232"}],"wp:attachment":[{"href":"https:\/\/df-nyt.dk\/blog\/wp-json\/wp\/v2\/media?parent=15776"}],"wp:term":[{"taxonomy":"category","embeddable":true,"href":"https:\/\/df-nyt.dk\/blog\/wp-json\/wp\/v2\/categories?post=15776"},{"taxonomy":"post_tag","embeddable":true,"href":"https:\/\/df-nyt.dk\/blog\/wp-json\/wp\/v2\/tags?post=15776"}],"curies":[{"name":"wp","href":"https:\/\/api.w.org\/{rel}","templated":true}]}}