{"id":15785,"date":"2011-01-27T14:56:19","date_gmt":"2011-01-27T13:56:19","guid":{"rendered":"http:\/\/df-nyt.dk\/?p=15785"},"modified":"2024-08-28T17:20:34","modified_gmt":"2024-08-28T15:20:34","slug":"der-er-et-yndigt-land-skrid-sa-med-jer-i-fucking-perkere","status":"publish","type":"post","link":"https:\/\/df-nyt.dk\/blog\/der-er-et-yndigt-land-skrid-sa-med-jer-i-fucking-perkere\/","title":{"rendered":"Der er et yndigt land &#8211; skrid s\u00e5 med jer I fucking perkere"},"content":{"rendered":"<p><img loading=\"lazy\" decoding=\"async\" class=\"  alignleft\" title=\"270120111453\" src=\"https:\/\/df-nyt.dk\/blog\/wp-content\/uploads\/270120111453.png\" alt=\"\" width=\"200\" height=\"183\" \/><br \/>\n&#8216;Der er et yndigt land &#8211; skrid s\u00e5 med jer i fucking perkere er \u00e5benbart den nye version af vores nationalsang, efter sidste uges demonstration mod Hizb ut-Tharir at d\u00f8mme. Skriver Margrethe S. Hansen p\u00e5 <a href=\"http:\/\/www.p77.dk\/blogs\/shansen\/406-der-er-et-yndigt-land-skrid-sa-med-jer-i-fucking-perkere\"><span style=\"text-decoration: underline;\">NetAvisen P77<\/span><\/a><\/p>\n<p>&#8211; Og forts\u00e6tter med f\u00f8lgende.<br \/>\nIg\u00e5r faldt jeg over en overskrift p\u00e5 Ekstra Bladets debatforum Nationen.<\/p>\n<p>Den var prydet af et foto af Venstres Karen Jespersen, der s\u00e5 meget vred ud mens overskriften sagde: \u00bbVi siger nej til voldelig stammekultur\u00ab.<br \/>\n[&#8230;]<br \/>\nMen nej, s\u00e5dan gik det ikke, under den efterh\u00e5nden fam\u00f8se \u00bbmoddemonstration\u00ab ved den Sorte Diamant.<\/p>\n<p>Ikke \u00e9n af de deltagende politikere og ministre s\u00e5 ud til at f\u00f8le sig i det mindste ilde ber\u00f8rt eller i d\u00e5rligt selskab, selv om antallet af medlemmer af den danske racistiske stamme var overv\u00e6ldende og h\u00f8jr\u00f8stet.<\/p>\n<p>Derfor kan man kun sp\u00f8rge sig selv, om mange danskere efterh\u00e5nden er blevet s\u00e5 d\u00f8ve og blinde under VKOs regeringstid, at de ikke kan se, at Danmark har f\u00e5et en racistisk stammekultur.<\/p>\n<p>Den stammekultur som gik p\u00e5 gaden i sidste uge for at sige fra overfor, hvad den kalder de sorte perkeraber, der lugter og bare skal skride ad helvedes til.<\/p>\n<p>Var der nogen som sagde noget om, at der engang var et yndigt land?&#8217; Skriver Margrethe S. Hansen p\u00e5 <span style=\"text-decoration: underline;\"><a href=\"http:\/\/www.p77.dk\/blogs\/shansen\/406-der-er-et-yndigt-land-skrid-sa-med-jer-i-fucking-perkere\"> NetAvisen P77.dk <\/a> <\/span><\/p>\n<p>L\u00e6s mere &#8230; <a href=\"http:\/\/www.p77.dk\/blogs\/shansen\/406-der-er-et-yndigt-land-skrid-sa-med-jer-i-fucking-perkere\"><span style=\"text-decoration: underline;\">NetAvisen P77.dk \/ p77.dk\/blogs\/shansen <\/span><\/a><\/p>\n<p>Se ogs\u00e5 min skuffelse&#8230; <a href=\"http:\/\/df-nyt.dk\/?p=15713\"><span style=\"text-decoration: underline;\">Se mere om det HER<\/span><\/a><\/p>\n<p><img loading=\"lazy\" decoding=\"async\" class=\"aligncenter size-full \" title=\"260120111759\" src=\"https:\/\/df-nyt.dk\/blog\/wp-content\/uploads\/260120111759.png\" alt=\"\" width=\"494\" height=\"231\" \/><br \/>\n&nbsp;<\/p>\n","protected":false},"excerpt":{"rendered":"<p>&#8216;Der er et yndigt land &#8211; skrid s\u00e5 med jer i fucking perkere er \u00e5benbart den nye version af vores nationalsang, efter sidste uges demonstration mod Hizb ut-Tharir at d\u00f8mme. Skriver Margrethe S. Hansen p\u00e5 NetAvisen P77 &#8211; Og forts\u00e6tter med f\u00f8lgende. Ig\u00e5r faldt jeg over en overskrift p\u00e5 Ekstra Bladets debatforum Nationen. Den var [&hellip;]<\/p>\n","protected":false},"author":10,"featured_media":0,"comment_status":"open","ping_status":"closed","sticky":false,"template":"","format":"standard","meta":{"footnotes":""},"categories":[1],"tags":[],"class_list":["post-15785","post","type-post","status-publish","format-standard","hentry","category-df-nyt-dk"],"_links":{"self":[{"href":"https:\/\/df-nyt.dk\/blog\/wp-json\/wp\/v2\/posts\/15785","targetHints":{"allow":["GET"]}}],"collection":[{"href":"https:\/\/df-nyt.dk\/blog\/wp-json\/wp\/v2\/posts"}],"about":[{"href":"https:\/\/df-nyt.dk\/blog\/wp-json\/wp\/v2\/types\/post"}],"author":[{"embeddable":true,"href":"https:\/\/df-nyt.dk\/blog\/wp-json\/wp\/v2\/users\/10"}],"replies":[{"embeddable":true,"href":"https:\/\/df-nyt.dk\/blog\/wp-json\/wp\/v2\/comments?post=15785"}],"version-history":[{"count":3,"href":"https:\/\/df-nyt.dk\/blog\/wp-json\/wp\/v2\/posts\/15785\/revisions"}],"predecessor-version":[{"id":104212,"href":"https:\/\/df-nyt.dk\/blog\/wp-json\/wp\/v2\/posts\/15785\/revisions\/104212"}],"wp:attachment":[{"href":"https:\/\/df-nyt.dk\/blog\/wp-json\/wp\/v2\/media?parent=15785"}],"wp:term":[{"taxonomy":"category","embeddable":true,"href":"https:\/\/df-nyt.dk\/blog\/wp-json\/wp\/v2\/categories?post=15785"},{"taxonomy":"post_tag","embeddable":true,"href":"https:\/\/df-nyt.dk\/blog\/wp-json\/wp\/v2\/tags?post=15785"}],"curies":[{"name":"wp","href":"https:\/\/api.w.org\/{rel}","templated":true}]}}