{"id":15801,"date":"2011-01-27T18:23:51","date_gmt":"2011-01-27T17:23:51","guid":{"rendered":"http:\/\/df-nyt.dk\/?p=15801"},"modified":"2025-07-10T13:36:33","modified_gmt":"2025-07-10T11:36:33","slug":"ftf-fakta-om-efterl%c3%b8n","status":"publish","type":"post","link":"https:\/\/df-nyt.dk\/blog\/ftf-fakta-om-efterl%c3%b8n\/","title":{"rendered":"FTF: Fakta om efterl\u00f8n"},"content":{"rendered":"<p><img loading=\"lazy\" decoding=\"async\" class=\"alignleft size-full \" title=\"270120111820\" src=\"http:\/\/df-nyt.dk\/\/wp-content\/uploads\/270120111820.png\" alt=\"\" width=\"254\" height=\"216\" \/><\/p>\n<p>FTF har samlet en r\u00e6kke faktuelle oplysninger om FTF\u2019ere p\u00e5 efterl\u00f8n og efterl\u00f8nnere i Danmark generelt, efterl\u00f8nneres helbredstilstand og nedslidende arbejde.<\/p>\n<p>FTF: Hvor mange efterl\u00f8nnere er der egentlig?<br \/>\nHvor syge er de?<br \/>\nHvorfor gik de p\u00e5 efterl\u00f8n?<br \/>\nHvordan bruges efterl\u00f8n i vores nabolande?<br \/>\nHvor mange af de yngre har t\u00e6nkt sig at bruge efterl\u00f8nnen?<\/p>\n<p>FTF har samlet en r\u00e6kke konkrete fakta efterl\u00f8n, og nederst p\u00e5 denne side kan du l\u00e6se FTF nyheder om efterl\u00f8n:<\/p>\n<p>Antal efterl\u00f8nnere<br \/>\n\u2022 Der er ca. 124.000 efterl\u00f8nnere i 2010.<\/p>\n<p>Heraf kommer ca. 18.000 fra FTF-omr\u00e5det.<\/p>\n<p>Det svarer til 15 pct. af alle efterl\u00f8nnere.<\/p>\n<p>\u2022 F\u00e6rre anvender efterl\u00f8nsordningen \u2013 ogs\u00e5 blandt FTF\u2019erne.<br \/>\nI 2006 var 56 pct. af over 60\u00e5rige a-kassemedlemmer p\u00e5 efterl\u00f8n.<br \/>\nDen andel er faldet til 49 pct. i 2010.<\/p>\n<p>\u2022 Vi g\u00e5r senere p\u00e5 efterl\u00f8n.<br \/>\nInden for 5 \u00e5r er den gennemsnitlige tilbagetr\u00e6kningsalder \u00f8get med n\u00e6sten 5 m\u00e5neder til 61\u00bd \u00e5r. Over halvdelen af efterl\u00f8nnerne er 62 \u00e5r eller derover, n\u00e5r de g\u00e5r p\u00e5 efterl\u00f8n. Stigningen i tilbagetr\u00e6kningsalder er sket frivilligt \u2013 alts\u00e5 uden op-strammende lov\u00e6ndringer.<\/p>\n<p>\u2022 F\u00e6rre vil benytte efterl\u00f8nnen fremover.<br \/>\nDe yngre indbetaler i langt mindre omfang til efterl\u00f8nsordningen end de \u00e6ldre. Fx blandt de 40-44 \u00e5rige indbetaler omkring 50 pct. ef-terl\u00f8nsbidrag. Blandt de 55-59 \u00e5rige er andelen 87 pct. A-kasserne samvirke har beregnet<\/p>\n<p>\/\/www.ftf.dk:80\/aktuelt\/ftf-nyheder\/artikel\/ftf-fakta-om-efterloen\/&#8221;<br \/>\nL\u00e6s mere &#8230; der<\/p>\n<p>Se ogs\u00e5: <a href=\"https:\/\/df-nyt.dk\/l\u00f8kkes-efterl\u00f8nsbesparelse-findes-ikke\/\" target=\"_blank\" rel=\"noopener\">Efterl\u00f8nsbesparelse findes ikke<\/a><br \/>\n&nbsp;<\/p>\n","protected":false},"excerpt":{"rendered":"<p>FTF har samlet en r\u00e6kke faktuelle oplysninger om FTF\u2019ere p\u00e5 efterl\u00f8n og efterl\u00f8nnere i Danmark generelt, efterl\u00f8nneres helbredstilstand og nedslidende arbejde. FTF: Hvor mange efterl\u00f8nnere er der egentlig? Hvor syge er de? Hvorfor gik de p\u00e5 efterl\u00f8n? Hvordan bruges efterl\u00f8n i vores nabolande? Hvor mange af de yngre har t\u00e6nkt sig at bruge efterl\u00f8nnen? FTF [&hellip;]<\/p>\n","protected":false},"author":10,"featured_media":0,"comment_status":"open","ping_status":"closed","sticky":false,"template":"","format":"standard","meta":{"footnotes":""},"categories":[1],"tags":[],"class_list":["post-15801","post","type-post","status-publish","format-standard","hentry","category-df-nyt-dk"],"_links":{"self":[{"href":"https:\/\/df-nyt.dk\/blog\/wp-json\/wp\/v2\/posts\/15801","targetHints":{"allow":["GET"]}}],"collection":[{"href":"https:\/\/df-nyt.dk\/blog\/wp-json\/wp\/v2\/posts"}],"about":[{"href":"https:\/\/df-nyt.dk\/blog\/wp-json\/wp\/v2\/types\/post"}],"author":[{"embeddable":true,"href":"https:\/\/df-nyt.dk\/blog\/wp-json\/wp\/v2\/users\/10"}],"replies":[{"embeddable":true,"href":"https:\/\/df-nyt.dk\/blog\/wp-json\/wp\/v2\/comments?post=15801"}],"version-history":[{"count":2,"href":"https:\/\/df-nyt.dk\/blog\/wp-json\/wp\/v2\/posts\/15801\/revisions"}],"predecessor-version":[{"id":108847,"href":"https:\/\/df-nyt.dk\/blog\/wp-json\/wp\/v2\/posts\/15801\/revisions\/108847"}],"wp:attachment":[{"href":"https:\/\/df-nyt.dk\/blog\/wp-json\/wp\/v2\/media?parent=15801"}],"wp:term":[{"taxonomy":"category","embeddable":true,"href":"https:\/\/df-nyt.dk\/blog\/wp-json\/wp\/v2\/categories?post=15801"},{"taxonomy":"post_tag","embeddable":true,"href":"https:\/\/df-nyt.dk\/blog\/wp-json\/wp\/v2\/tags?post=15801"}],"curies":[{"name":"wp","href":"https:\/\/api.w.org\/{rel}","templated":true}]}}