{"id":15827,"date":"2011-01-28T08:22:21","date_gmt":"2011-01-28T07:22:21","guid":{"rendered":"http:\/\/df-nyt.dk\/?p=15827"},"modified":"2026-01-10T18:08:44","modified_gmt":"2026-01-10T17:08:44","slug":"konservativ-toppolitiker-valgte-at-sta-sammen-med-nynazister","status":"publish","type":"post","link":"https:\/\/df-nyt.dk\/blog\/konservativ-toppolitiker-valgte-at-sta-sammen-med-nynazister\/","title":{"rendered":"Konservativ toppolitiker valgte at st\u00e5 sammen med nynazister"},"content":{"rendered":"<p><img loading=\"lazy\" decoding=\"async\" class=\"alignleft size-full \" title=\"280120110816\" src=\"https:\/\/df-nyt.dk\/\/wp-content\/uploads\/2801201108161.png\" alt=\"\" width=\"254\" height=\"192\" \/><\/p>\n<p>Konservativ toppolitiker valgte at st\u00e5 sammen med nynazister<br \/>\nD\u00f8mmekraften er ikke hvad den har v\u00e6ret hos de konservative.<\/p>\n<p>Den konservative toppolitiker og medlem af folketinget Helge Adam M\u00f8ller, s\u00e5 ud til at hygge sig i danske nynazisters selskab, under sidste uges moddemonstration mod Hizb-ut-Tharir.<\/p>\n<p>I en optagelse som svenske TV4 har lagt frem p\u00e5 deres hjemmeside, kan den konservative folketingspolitiker Helge Adam M\u00f8ller ses st\u00e5 t\u00e6t sammen og tale med to nynazister, under sidste uges moddemonstrationen mod Hizb-ut-Tharir.<\/p>\n<p>De to nynazister kan ogs\u00e5 ses i en anden optagelse lavet af <a href=\"http:\/\/youtube.com\/watch?v=dIMkwrMWXz8&amp;feature=player_embedded\"><span style=\"text-decoration: underline;\">kpnet.dk <\/span><\/a><\/p>\n<p><iframe loading=\"lazy\" src=\"https:\/\/youtube.com\/embed\/dIMkwrMWXz8? \" width=\"400\" height=\"225\" frameborder=\"0\" \"><\/iframe><\/p>\n<p>I den deltager de sammen med andre nynazister i at r\u00e5be racistiske slagord mod muslimer.<\/p>\n<p>Personen i hvid jakke se ogs\u00e5 p\u00e5 et tidspunkt inde i optagelsen, lave en nazistisk hilsen. Skriver Margrethe S. Hansen p\u00e5 <a href=\"http:\/\/p77.dk\/component\/k2\/587\/konservativ-toppolitiker-valgte-at-sta-sammen-med-nynazister\" target=\"_blank\" rel=\"noopener\"><span style=\"text-decoration: underline;\">Netavisen, P77.dk<\/span><\/a><\/p>\n<p><img loading=\"lazy\" decoding=\"async\" class=\"alignnone size-full \" title=\"280120111436\" src=\"https:\/\/df-nyt.dk\/\/wp-content\/uploads\/280120111436.png\" alt=\"\" width=\"179\" height=\"129\" \/><\/p>\n<p>Reference<br \/>\n<a href=\"http:\/\/p77.dk\/politik-a-verden\/danmark\/407-konservativ-toppolitiker-valgte-at-sta-sammen-med-nynazister\" target=\"_blank\" rel=\"noopener\"><span style=\"text-decoration: underline;\">Netavisen, P77.dk &#8211; p77.dk\/politik-a-verden\/danmark<\/span><\/a><\/p>\n<p>For yderlig l\u00e6sning<\/p>\n<p><a href=\"https:\/\/df-nyt.dk\/?p=15785\"><span style=\"text-decoration: underline;\">Der er et yndigt land \u2013 skrid s\u00e5 med jer I fucking perkere <\/span><\/a><br \/>\n&nbsp;<br \/>\n<a href=\"https:\/\/df-nyt.dk\/?p=15713\"><span style=\"text-decoration: underline;\">Et indblik i demonstrationen mod Hizb ut-Tahrir\u2019s debatm\u00f8de \u2013 21\/1 2011<\/span><\/a><br \/>\n&nbsp;<br \/>\n<a href=\"https:\/\/df-nyt.dk\/?p=15672\" target=\"_blank\" rel=\"noopener\"><span style=\"text-decoration: underline;\">Elmas Berke: Denne her er bedre, synes jeg selv<\/span> <\/a><\/p>\n","protected":false},"excerpt":{"rendered":"<p>Konservativ toppolitiker valgte at st\u00e5 sammen med nynazister D\u00f8mmekraften er ikke hvad den har v\u00e6ret hos de konservative. Den konservative toppolitiker og medlem af folketinget Helge Adam M\u00f8ller, s\u00e5 ud til at hygge sig i danske nynazisters selskab, under sidste uges moddemonstration mod Hizb-ut-Tharir. I en optagelse som svenske TV4 har lagt frem p\u00e5 deres [&hellip;]<\/p>\n","protected":false},"author":10,"featured_media":0,"comment_status":"open","ping_status":"closed","sticky":false,"template":"","format":"standard","meta":{"footnotes":""},"categories":[1],"tags":[],"class_list":["post-15827","post","type-post","status-publish","format-standard","hentry","category-df-nyt-dk"],"_links":{"self":[{"href":"https:\/\/df-nyt.dk\/blog\/wp-json\/wp\/v2\/posts\/15827","targetHints":{"allow":["GET"]}}],"collection":[{"href":"https:\/\/df-nyt.dk\/blog\/wp-json\/wp\/v2\/posts"}],"about":[{"href":"https:\/\/df-nyt.dk\/blog\/wp-json\/wp\/v2\/types\/post"}],"author":[{"embeddable":true,"href":"https:\/\/df-nyt.dk\/blog\/wp-json\/wp\/v2\/users\/10"}],"replies":[{"embeddable":true,"href":"https:\/\/df-nyt.dk\/blog\/wp-json\/wp\/v2\/comments?post=15827"}],"version-history":[{"count":4,"href":"https:\/\/df-nyt.dk\/blog\/wp-json\/wp\/v2\/posts\/15827\/revisions"}],"predecessor-version":[{"id":111114,"href":"https:\/\/df-nyt.dk\/blog\/wp-json\/wp\/v2\/posts\/15827\/revisions\/111114"}],"wp:attachment":[{"href":"https:\/\/df-nyt.dk\/blog\/wp-json\/wp\/v2\/media?parent=15827"}],"wp:term":[{"taxonomy":"category","embeddable":true,"href":"https:\/\/df-nyt.dk\/blog\/wp-json\/wp\/v2\/categories?post=15827"},{"taxonomy":"post_tag","embeddable":true,"href":"https:\/\/df-nyt.dk\/blog\/wp-json\/wp\/v2\/tags?post=15827"}],"curies":[{"name":"wp","href":"https:\/\/api.w.org\/{rel}","templated":true}]}}