{"id":15847,"date":"2011-01-28T12:19:11","date_gmt":"2011-01-28T11:19:11","guid":{"rendered":"http:\/\/df-nyt.dk\/?p=15847"},"modified":"2025-07-22T10:08:36","modified_gmt":"2025-07-22T08:08:36","slug":"fundamentalisternes-sammenstod","status":"publish","type":"post","link":"https:\/\/df-nyt.dk\/blog\/fundamentalisternes-sammenstod\/","title":{"rendered":"Fundamentalisternes sammenst\u00f8d"},"content":{"rendered":"<p><img loading=\"lazy\" decoding=\"async\" src=\"https:\/\/df-nyt.dk\/wp-content\/uploads\/280120111216.png\" alt=\"\" width=\"254\" height=\"199\" class=\"alignleft size-full \" \/><\/p>\n<p>Fundamentalisternes sammenst\u00f8d<br \/>\nFredag den 21.1. 2011 afholdt det islamistiske Hizb-ut-Tahrir en konference om krigen i Afghanistan. Skriver foreningen DEMOS,\u00a0p\u00e5 sin hjemmeside  \/\/demos.dk\/&#8221; <\/p>\n<p>&#8211; Og forts\u00e6tter<br \/>\nKonferencen blev afholdt i Den Sorte Diamant i K\u00f8benhavn.<br \/>\nM\u00f8det var uden held blevet fors\u00f8gt forhindret, derfor blev der indkaldt til en moddemonstration, som viste sig at v\u00e6re en blandet landhandel af ministre, nazister og antimuslimer.<\/p>\n<p>Ministre, nazister og antimuslimer i samme demonstration<br \/>\nSkulder ved skulder, med en lang r\u00e6kke ministre fra Venstre og Konservative, stod personer fra Danmarks Nationale Front herunder Rene Duedam, Philip Traulsen <\/p>\n<p><a href=\"http:\/\/ekstrabladet.dk\/nyheder\/samfund\/article69131.ece\"\n\/\/projektantifa.dk\/nyheder\/article\/venstreflojspolitikere-ministre-og\" Niels Erik Clausen.\n\nSidstn\u00e6vnte tidligere medlem af DNSB.\nDerudover var der repr\u00e6sentanter fra flere foreninger, som er kendt for deres notoriske islamhad:\n\nStop Islamiseringen af Danmark (SIAD), Eticha og Trykkefrihedsselskabet.\n\n<a href=\"https:\/\/df-nyt.dk\/?p=8292\">Ogs\u00e5 <span style=\"text-decoration: underline;\"><br \/>\nKaren Jespersen<\/span><\/a>, Mogens Camre og <a href=\"https:\/\/df-nyt.dk\/?p=8705\"><span style=\"text-decoration: underline;\">Farshad Kholghi<\/span><\/a>, hvis islamhad er velkendt, deltog. <\/p>\n<p>\/\/demos.dk\/&#8221;<br \/>\nDet antimuslimske univers &#8211; skriver foreningen DEMOS<\/p>\n<p>Reference<br \/>\n\/\/Netavisen P77.dk<br \/>\n\/\/demos.dk \/forside\/fundamentalisternes-sammenstod<br \/>\n\/\/projektantifa.dk \/nyheder\/article\/venstreflojspolitikere-ministre-og<br \/>\n\/\/ekstrabladet.dk \/nyheder\/samfund\/articl<\/p>\n<p>For yderlig l\u00e6sning<\/p>\n<p><a href=\"https:\/\/df-nyt.dk\/?p=15827\"><span style=\"text-decoration: underline;\">Konservativ toppolitiker valgte at st\u00e5 sammen med nynazister<\/span><\/a><br \/>\n&nbsp;<br \/>\n<a href=\"https:\/\/df-nyt.dk\/?p=15713\"><span style=\"text-decoration: underline;\">Et indblik i demonstrationen mod Hizb ut-Tahrir\u2019s debatm\u00f8de \u2013 21\/1 2011 <\/span><\/a><br \/>\n&nbsp;<\/p>\n","protected":false},"excerpt":{"rendered":"<p>Fundamentalisternes sammenst\u00f8d Fredag den 21.1. 2011 afholdt det islamistiske Hizb-ut-Tahrir en konference om krigen i Afghanistan. Skriver foreningen DEMOS,\u00a0p\u00e5 sin hjemmeside \/\/demos.dk\/&#8221; &#8211; Og forts\u00e6tter Konferencen blev afholdt i Den Sorte Diamant i K\u00f8benhavn. M\u00f8det var uden held blevet fors\u00f8gt forhindret, derfor blev der indkaldt til en moddemonstration, som viste sig at v\u00e6re en blandet [&hellip;]<\/p>\n","protected":false},"author":10,"featured_media":0,"comment_status":"open","ping_status":"closed","sticky":false,"template":"","format":"standard","meta":{"footnotes":""},"categories":[1],"tags":[],"class_list":["post-15847","post","type-post","status-publish","format-standard","hentry","category-df-nyt-dk"],"_links":{"self":[{"href":"https:\/\/df-nyt.dk\/blog\/wp-json\/wp\/v2\/posts\/15847","targetHints":{"allow":["GET"]}}],"collection":[{"href":"https:\/\/df-nyt.dk\/blog\/wp-json\/wp\/v2\/posts"}],"about":[{"href":"https:\/\/df-nyt.dk\/blog\/wp-json\/wp\/v2\/types\/post"}],"author":[{"embeddable":true,"href":"https:\/\/df-nyt.dk\/blog\/wp-json\/wp\/v2\/users\/10"}],"replies":[{"embeddable":true,"href":"https:\/\/df-nyt.dk\/blog\/wp-json\/wp\/v2\/comments?post=15847"}],"version-history":[{"count":9,"href":"https:\/\/df-nyt.dk\/blog\/wp-json\/wp\/v2\/posts\/15847\/revisions"}],"predecessor-version":[{"id":109256,"href":"https:\/\/df-nyt.dk\/blog\/wp-json\/wp\/v2\/posts\/15847\/revisions\/109256"}],"wp:attachment":[{"href":"https:\/\/df-nyt.dk\/blog\/wp-json\/wp\/v2\/media?parent=15847"}],"wp:term":[{"taxonomy":"category","embeddable":true,"href":"https:\/\/df-nyt.dk\/blog\/wp-json\/wp\/v2\/categories?post=15847"},{"taxonomy":"post_tag","embeddable":true,"href":"https:\/\/df-nyt.dk\/blog\/wp-json\/wp\/v2\/tags?post=15847"}],"curies":[{"name":"wp","href":"https:\/\/api.w.org\/{rel}","templated":true}]}}