{"id":15863,"date":"2011-01-28T16:14:02","date_gmt":"2011-01-28T15:14:02","guid":{"rendered":"http:\/\/df-nyt.dk\/?p=15863"},"modified":"2026-01-06T06:40:00","modified_gmt":"2026-01-06T05:40:00","slug":"bertel-mumler-i-psykiatrisag","status":"publish","type":"post","link":"https:\/\/df-nyt.dk\/blog\/bertel-mumler-i-psykiatrisag\/","title":{"rendered":"Bertel mumler i psykiatrisag"},"content":{"rendered":"<p><img loading=\"lazy\" decoding=\"async\" class=\"alignleft size-full\" title=\"281020101421\" src=\"https:\/\/df-nyt.dk\/\/wp-content\/uploads\/281020101421.png\" alt=\"\" width=\"141\" height=\"50\" \/><\/p>\n<p>Radikale Venstres psykiatriordf\u00f8rer, Anne Marie Geisler Andersen, havde torsdag indkaldt sundhedsminister, Bertel Haarder, i samr\u00e5d om oml\u00e6gning af tilskud til antidepressiv medicin. Skriver det Radikale Venstres i deres pressemeddelelse <\/p>\n<p>-og forts\u00e6tter<br \/>\nDesv\u00e6rre resulterede samr\u00e5det i flere sp\u00f8rgsm\u00e5l end svar fra sundhedsministeren.<br \/>\n-If\u00f8lge eksperter er der stor risiko for, at oml\u00e6gningen vil \u00f8ge udgifterne til eksempelvis psykiatri og f\u00f8rtidspension.<\/p>\n<p>Efter torsdagens samr\u00e5d er det mit indtryk, at ministeren kun tror, der bliver tale om \u00f8gede udgifter til konsultationer hos l\u00e6ger og psykiatere.<\/p>\n<p>Hvis det er tilf\u00e6ldet, er det en anelse bl\u00e5\u00f8jet.<br \/>\nVi fik dog ministeren til at love en oversigt over, hvad man forventer af merudgifter andre steder som f\u00f8lge af oml\u00e6gningen, siger Anne Marie Geisler Andersen.<\/p>\n<p>Et andet vigtigt aspekt er inddragelsen i processen, der if\u00f8lge patientorganisationer har v\u00e6ret meget mangelfuld.<\/p>\n<p>-Jeg er godt tilfreds med, at ministeren vil sikre st\u00f8rre \u00e5benhed, samt at alle relevante parter fremover inddrages i revurderingsprocessen.<\/p>\n<p>Konkret lovede Bertel Haarder til samr\u00e5det, at patientforeningerne vil blive orienteret forud, samt at de vil blive formelle h\u00f8ringsparter.<\/p>\n<p>Desv\u00e6rre lovede han ikke at sikre, at de relevante fagpersoner bliver inddraget i processen.<br \/>\nDet er u klogt af ministeren, siger Anne Marie Geisler Andersen.<\/p>\n<p>Ikke mindst hvad ang\u00e5r hensynet til patienterne, er det vigtigt,<br \/>\nat man inddrager den n\u00f8dvendige faglige ekspertise.<\/p>\n<p>-For Radikale venstre er det vigtigt, at man inddrager de relevante fagpersoner i processen, s\u00e5 der i tilstr\u00e6kkelig grad bliver taget h\u00f8jde for, at det enkelte pr\u00e6parat kan have vidt forskellig effekt og bivirkning fra patient til patient.<\/p>\n<p>Ligeledes finder vi det meget uhensigtsm\u00e6ssigt, hvis mennesker, der allerede er i behandling med god effekt, skal til at starte helt forfra p\u00e5 et nyt pr\u00e6parat.<\/p>\n<p>Det kan f\u00e5 store konsekvenser for den enkelte at skulle fors\u00f8ge sig med ny medicin, hvis man er midt i en depression, siger Anne Marie Geisler Andersen.<\/p>\n<p>Samr\u00e5det vil blive fulgt op af en r\u00e6kke skriftlige sp\u00f8rgsm\u00e5l til sundhedsministeren fra Anne Marie Geisler Andersen. Skriver det Radikale i deres pressemeddelelse.<br \/>\n\/\/radikale.dk<br \/>\n&nbsp;<\/p>\n","protected":false},"excerpt":{"rendered":"<p>Radikale Venstres psykiatriordf\u00f8rer, Anne Marie Geisler Andersen, havde torsdag indkaldt sundhedsminister, Bertel Haarder, i samr\u00e5d om oml\u00e6gning af tilskud til antidepressiv medicin. Skriver det Radikale Venstres i deres pressemeddelelse -og forts\u00e6tter Desv\u00e6rre resulterede samr\u00e5det i flere sp\u00f8rgsm\u00e5l end svar fra sundhedsministeren. -If\u00f8lge eksperter er der stor risiko for, at oml\u00e6gningen vil \u00f8ge udgifterne til eksempelvis [&hellip;]<\/p>\n","protected":false},"author":10,"featured_media":0,"comment_status":"open","ping_status":"closed","sticky":false,"template":"","format":"standard","meta":{"footnotes":""},"categories":[1],"tags":[],"class_list":["post-15863","post","type-post","status-publish","format-standard","hentry","category-df-nyt-dk"],"_links":{"self":[{"href":"https:\/\/df-nyt.dk\/blog\/wp-json\/wp\/v2\/posts\/15863","targetHints":{"allow":["GET"]}}],"collection":[{"href":"https:\/\/df-nyt.dk\/blog\/wp-json\/wp\/v2\/posts"}],"about":[{"href":"https:\/\/df-nyt.dk\/blog\/wp-json\/wp\/v2\/types\/post"}],"author":[{"embeddable":true,"href":"https:\/\/df-nyt.dk\/blog\/wp-json\/wp\/v2\/users\/10"}],"replies":[{"embeddable":true,"href":"https:\/\/df-nyt.dk\/blog\/wp-json\/wp\/v2\/comments?post=15863"}],"version-history":[{"count":3,"href":"https:\/\/df-nyt.dk\/blog\/wp-json\/wp\/v2\/posts\/15863\/revisions"}],"predecessor-version":[{"id":110884,"href":"https:\/\/df-nyt.dk\/blog\/wp-json\/wp\/v2\/posts\/15863\/revisions\/110884"}],"wp:attachment":[{"href":"https:\/\/df-nyt.dk\/blog\/wp-json\/wp\/v2\/media?parent=15863"}],"wp:term":[{"taxonomy":"category","embeddable":true,"href":"https:\/\/df-nyt.dk\/blog\/wp-json\/wp\/v2\/categories?post=15863"},{"taxonomy":"post_tag","embeddable":true,"href":"https:\/\/df-nyt.dk\/blog\/wp-json\/wp\/v2\/tags?post=15863"}],"curies":[{"name":"wp","href":"https:\/\/api.w.org\/{rel}","templated":true}]}}