{"id":15868,"date":"2011-01-28T16:50:23","date_gmt":"2011-01-28T15:50:23","guid":{"rendered":"http:\/\/df-nyt.dk\/?p=15868"},"modified":"2024-02-05T22:43:43","modified_gmt":"2024-02-05T21:43:43","slug":"nu-ser-vi-de-f%c3%b8rste-konsekvenser-af-regeringens-nulv%c3%a6kst","status":"publish","type":"post","link":"https:\/\/df-nyt.dk\/blog\/nu-ser-vi-de-f%c3%b8rste-konsekvenser-af-regeringens-nulv%c3%a6kst\/","title":{"rendered":"Nu ser vi de f\u00f8rste konsekvenser af regeringens nulv\u00e6kst"},"content":{"rendered":"<p><img loading=\"lazy\" decoding=\"async\" src=\"https:\/\/df-nyt.dk\/wp-content\/uploads\/2810201014211.png\" alt=\"\" width=\"141\" height=\"50\" class=\"alignleft size-full \" \/><\/p>\n<p>Socialminister, Benedikte Ki\u00e6r, har netop bebudet, at hun vil sanktionere kommuner, der lukker daginstitutioner i sommerperioden.<br \/>\nSkriver man i de Radikales pressemeddelelse<br \/>\n-og forts\u00e6tter<br \/>\nMen det kan vel n\u00e6ppe komme bag p\u00e5 regeringen, at nulv\u00e6ksten har konsekvenser,<br \/>\nmener Anne Marie Geisler Andersen, Radikale Venstres socialordf\u00f8rer.<\/p>\n<p>-Det kan det n\u00e6ppe komme bag p\u00e5 regeringen, at nulv\u00e6ksten har konsekvenser, og<br \/>\nat kommunerne landet over m\u00e5 sk\u00e6re for at f\u00e5 \u00f8konomien til at h\u00e6nge sammen.<\/p>\n<p>De \u00f8konomisk stramme t\u00f8jler, som man har lagt kommunerne i, ser vi nu de begyndende resultater af. Og det kommer desv\u00e6rre til at ramme mange grupper, siger Anne Marie Geisler Andersen.<\/p>\n<p>If\u00f8lge Radikale Venstre haster det med at f\u00e5 gennemf\u00f8rt de n\u00f8dvendige reformer af dansk \u00f8konomi. Havde regeringen v\u00e6ret ansvarlig og gjort det i tide, skulle eksempelvis b\u00f8rnefamilierne ikke b\u00f8de for VK&#8217;s spareiver.<\/p>\n<p>-Frem for at gennemf\u00f8re de n\u00f8dvendige reformer har regeringen valgt at indf\u00f8re nulv\u00e6kst i landets kommuner. Regeringen har blot sendt regningen for en kaotisk \u00f8konomisk politik videre til kommunerne.<\/p>\n<p>N\u00e5r kommunerne s\u00e5 pr\u00f8ver at f\u00e5 \u00f8konomien til at h\u00e6nge sammen, ja s\u00e5 kommer ministeren efter dem.<\/p>\n<p>Jeg ved ikke, hvad regeringen havde forventet, men man skal ikke v\u00e6re den helt store sp\u00e5kone for at forudsige det, der sker nu.<\/p>\n<p>Det er desv\u00e6rre nok ikke sidste gang, vi ser at kommunerne er n\u00f8dt til at sk\u00e6re velf\u00e6rden&#8221; siger Anne Marie Geisler Andersen, if\u00f8lge pressemeddelelsen fra de Radikale.<\/p>\n<p><a href=\"http:\/\/radikale.dk\/\" target=\"_blank\" rel=\"noopener noreferrer\"><span style=\"text-decoration: underline\"> \/\/radikale.dk<\/span><\/a><br \/>\n&nbsp;<\/p>\n","protected":false},"excerpt":{"rendered":"<p>Socialminister, Benedikte Ki\u00e6r, har netop bebudet, at hun vil sanktionere kommuner, der lukker daginstitutioner i sommerperioden. Skriver man i de Radikales pressemeddelelse -og forts\u00e6tter Men det kan vel n\u00e6ppe komme bag p\u00e5 regeringen, at nulv\u00e6ksten har konsekvenser, mener Anne Marie Geisler Andersen, Radikale Venstres socialordf\u00f8rer. -Det kan det n\u00e6ppe komme bag p\u00e5 regeringen, at nulv\u00e6ksten [&hellip;]<\/p>\n","protected":false},"author":10,"featured_media":0,"comment_status":"open","ping_status":"closed","sticky":false,"template":"","format":"standard","meta":{"footnotes":""},"categories":[1],"tags":[],"class_list":["post-15868","post","type-post","status-publish","format-standard","hentry","category-df-nyt-dk"],"_links":{"self":[{"href":"https:\/\/df-nyt.dk\/blog\/wp-json\/wp\/v2\/posts\/15868","targetHints":{"allow":["GET"]}}],"collection":[{"href":"https:\/\/df-nyt.dk\/blog\/wp-json\/wp\/v2\/posts"}],"about":[{"href":"https:\/\/df-nyt.dk\/blog\/wp-json\/wp\/v2\/types\/post"}],"author":[{"embeddable":true,"href":"https:\/\/df-nyt.dk\/blog\/wp-json\/wp\/v2\/users\/10"}],"replies":[{"embeddable":true,"href":"https:\/\/df-nyt.dk\/blog\/wp-json\/wp\/v2\/comments?post=15868"}],"version-history":[{"count":2,"href":"https:\/\/df-nyt.dk\/blog\/wp-json\/wp\/v2\/posts\/15868\/revisions"}],"predecessor-version":[{"id":102154,"href":"https:\/\/df-nyt.dk\/blog\/wp-json\/wp\/v2\/posts\/15868\/revisions\/102154"}],"wp:attachment":[{"href":"https:\/\/df-nyt.dk\/blog\/wp-json\/wp\/v2\/media?parent=15868"}],"wp:term":[{"taxonomy":"category","embeddable":true,"href":"https:\/\/df-nyt.dk\/blog\/wp-json\/wp\/v2\/categories?post=15868"},{"taxonomy":"post_tag","embeddable":true,"href":"https:\/\/df-nyt.dk\/blog\/wp-json\/wp\/v2\/tags?post=15868"}],"curies":[{"name":"wp","href":"https:\/\/api.w.org\/{rel}","templated":true}]}}