{"id":15882,"date":"2011-01-29T08:21:44","date_gmt":"2011-01-29T07:21:44","guid":{"rendered":"http:\/\/df-nyt.dk\/?p=15882"},"modified":"2024-11-18T22:50:05","modified_gmt":"2024-11-18T21:50:05","slug":"frygten-for-islamisters-indflydelse-er-skudt-ved-siden-af","status":"publish","type":"post","link":"https:\/\/df-nyt.dk\/blog\/frygten-for-islamisters-indflydelse-er-skudt-ved-siden-af\/","title":{"rendered":"Frygten for islamisters indflydelse er skudt ved siden af"},"content":{"rendered":"<p><img loading=\"lazy\" decoding=\"async\" class=\"alignnone \" title=\"290120110820\" src=\"https:\/\/df-nyt.dk\/\/wp-content\/uploads\/290120110820.png\" alt=\"\" width=\"228\" height=\"160\" \/><br \/>\nEr frygten for Islamister reel eller et skudt ved siden af?<br \/>\nNoget tyder p\u00e5 at frygten for, at islamister vil islamisere vesten ved hj\u00e6lp af vores demokratiske systemer er misforst\u00e5et, sammen med antagelsen om at islamister skulle nyde nogen stor politisk opbakning i de muslimske lande.<\/p>\n<p>Da den omdiskuterede islamistiske bev\u00e6gelse Hizb-ut-tharir troppede op i den Sorte Diamant i K\u00f8benhavn forrige uge for at debattere deres syn p\u00e5 krigen i Afghanistan og muslimske afghaneres ret til v\u00e6bnet modstandskamp mod de vestlige og dermed ogs\u00e5 danske milit\u00e6rstyrker i Afghanistan, satte det mange danskeres sind i kog.<\/p>\n<p>Ikke mindre end seks ministre og en lang r\u00e6kke andre folketingspolitikere valgte at deltage i en moddemonstration.<\/p>\n<p>En af disse var den tidligere socialminister Karen Jespersen fra Venstre, der i sin tale til demonstranterne fremf\u00f8rte sit standpunkt at man skal tage truslen fra islamister alvorligt.<\/p>\n<p>Karen Jespersen har sammen med sin mand Ralf Pittelkow, politisk kommentator for avisen Jyllandsposten, skrevet flere <a href=\"https:\/\/df-nyt.dk\/?p=8292\" target=\"_blank\" rel=\"noopener noreferrer\">b\u00f8ger<\/a> om hvad de betegner som truslen fra islam og islamister.<\/p>\n<p>I deres b\u00f8ger fors\u00f8ger de at bevise, at islamister og islam udg\u00f8r en anseelig trussel mod de vestlige v\u00e6rdier s\u00e5som demokrati, ligestilling imellem k\u00f8nnene og ytringsfriheden.<\/p>\n<p>De advarer st\u00e6rkt om at ogs\u00e5 vores danske samfund er i fare for at blive islamiseret af fanatiske og politisk magtfulde islamister, som ikke alene har stor indflydelse i de muslimske lande, men efterh\u00e5nden ogs\u00e5 har f\u00e5et mere og mere indflydelse her i vesten.<\/p>\n<p>Men er islamister og deres indflydelse realt noget man skal frygte, eller er Karen Jespersens og andre s\u00e5kaldte islamkritikeres advarsler mere udtryk for nogen bestemte politiske str\u00f8mninger, som har oversv\u00f8mmet den vestlige del af verdenen i k\u00f8lvandet p\u00e5 terrorangrebet mod World Trade Centeret 11. september 2001?<\/p>\n<p>Noget tyder p\u00e5 at det er det sidste.<br \/>\nEn Unders\u00f8gelse Do Muslims Vote Islamic af to forskere fra det amerikanske University of North Carolina har nemlig vist, at islamistiske partiers politiske indflydelse i de muslimske lande generelt er minimal, og at partierne ofte gennemg\u00e5r en demokratiseringsproces, n\u00e5r de tilslutter sig og f\u00e5r lov til at deltage i frie og demokratiske folkeafstemninger.<\/p>\n<p>Charles Kurzman og Ijlal Naqvia som st\u00e5r bag unders\u00f8gelsen, skriver blandt andet i det amerikanske magasin Foregin Policy:<\/p>\n<p>&#8220;Sandt er det at islamistiske partier har vunnet et par meget medieomtalte sejre, s\u00e5 som i Algeriet i 1991 og i Pal\u00e6stina i 2006.<\/p>\n<p>Men oftest har islamistiske partier en tendens til at klare sig rigtigt d\u00e5rligt, is\u00e6r jo mere retf\u00e6rdig og fri en folkeafstemning er.<\/p>\n<p>Vores beregninger viser at islamister i gennemsnit, vinder omkring 10 procent f\u00e6rre pladser i et relativt frit valg, end de ville g\u00f8r i valg som var mindre frit. Skriver Margrethe S. Hansen p\u00e5 <a href=\"http:\/\/p77.dk\/demokrati\/frihedsrettigheder\/405-frygten-for-islamisters-indflydelse-er-skudt-ved-siden-af\" target=\"_blank\" rel=\"noopener noreferrer\"><span style=\"text-decoration: underline;\"> p\u00e5 NetAvisen P77.dk<\/span><\/a><\/p>\n<p>Reference<br \/>\n<a href=\"http:\/\/p77.dk\/demokrati\/frihedsrettigheder\/405-frygten-for-islamisters-indflydelse-er-skudt-ved-siden-af\"><span style=\"text-decoration: underline;\"> Netmagasinet P77.dk \/\/p.77.dk\/demokrati\/frihedsrettigheder<\/span><\/a><\/p>\n<p>For yderlig l\u00e6sning<\/p>\n<p><a href=\"https:\/\/df-nyt.dk\/?p=8292\" target=\"_blank\" rel=\"noopener noreferrer\"><span style=\"text-decoration: underline;\">Hold frygten k\u00f8rende og honorarerne flydende!<\/span><\/a><\/p>\n","protected":false},"excerpt":{"rendered":"<p>Er frygten for Islamister reel eller et skudt ved siden af? Noget tyder p\u00e5 at frygten for, at islamister vil islamisere vesten ved hj\u00e6lp af vores demokratiske systemer er misforst\u00e5et, sammen med antagelsen om at islamister skulle nyde nogen stor politisk opbakning i de muslimske lande. Da den omdiskuterede islamistiske bev\u00e6gelse Hizb-ut-tharir troppede op i [&hellip;]<\/p>\n","protected":false},"author":10,"featured_media":0,"comment_status":"open","ping_status":"closed","sticky":false,"template":"","format":"standard","meta":{"footnotes":""},"categories":[1],"tags":[],"class_list":["post-15882","post","type-post","status-publish","format-standard","hentry","category-df-nyt-dk"],"_links":{"self":[{"href":"https:\/\/df-nyt.dk\/blog\/wp-json\/wp\/v2\/posts\/15882","targetHints":{"allow":["GET"]}}],"collection":[{"href":"https:\/\/df-nyt.dk\/blog\/wp-json\/wp\/v2\/posts"}],"about":[{"href":"https:\/\/df-nyt.dk\/blog\/wp-json\/wp\/v2\/types\/post"}],"author":[{"embeddable":true,"href":"https:\/\/df-nyt.dk\/blog\/wp-json\/wp\/v2\/users\/10"}],"replies":[{"embeddable":true,"href":"https:\/\/df-nyt.dk\/blog\/wp-json\/wp\/v2\/comments?post=15882"}],"version-history":[{"count":1,"href":"https:\/\/df-nyt.dk\/blog\/wp-json\/wp\/v2\/posts\/15882\/revisions"}],"predecessor-version":[{"id":106890,"href":"https:\/\/df-nyt.dk\/blog\/wp-json\/wp\/v2\/posts\/15882\/revisions\/106890"}],"wp:attachment":[{"href":"https:\/\/df-nyt.dk\/blog\/wp-json\/wp\/v2\/media?parent=15882"}],"wp:term":[{"taxonomy":"category","embeddable":true,"href":"https:\/\/df-nyt.dk\/blog\/wp-json\/wp\/v2\/categories?post=15882"},{"taxonomy":"post_tag","embeddable":true,"href":"https:\/\/df-nyt.dk\/blog\/wp-json\/wp\/v2\/tags?post=15882"}],"curies":[{"name":"wp","href":"https:\/\/api.w.org\/{rel}","templated":true}]}}