{"id":15886,"date":"2011-01-29T13:16:15","date_gmt":"2011-01-29T12:16:15","guid":{"rendered":"http:\/\/df-nyt.dk\/?p=15886"},"modified":"2024-10-24T22:58:24","modified_gmt":"2024-10-24T20:58:24","slug":"konservativ-hykler-og-antidemokrat-rasmus-jarlov","status":"publish","type":"post","link":"https:\/\/df-nyt.dk\/blog\/konservativ-hykler-og-antidemokrat-rasmus-jarlov\/","title":{"rendered":"Konservativ hykler og antidemokrat, Rasmus Jarlov"},"content":{"rendered":"<p><img loading=\"lazy\" decoding=\"async\" class=\"alignleft  \" title=\"290120111313\" src=\"https:\/\/df-nyt.dk\/\/wp-content\/uploads\/290120111313.png\" alt=\"\" width=\"200\" height=\"182\" \/><\/p>\n<p>Konservativ hykler og antidemokrat, Rasmus Jarlov<br \/>\nUnder en overskrift som -Rasmus Jarlov og Hizb-ut-Tahrir -kan man l\u00e6se Per Holm Knudsens uforbeholdende mening, -p\u00e5 hans hjemmeside, \/\/psyx.blogspot.com<\/p>\n<p>Det er bestemt ikke noget k\u00f8nt syn, mit \u00f8je m\u00e5 skue, og det begynder sandelig ogs\u00e5 at rive lidt i n\u00e6sen efter det Konservative folketingsmedlem Helge Adam M\u00f8llers heroiske indsats, p\u00e5 gadeplan.<\/p>\n<p>L\u00e6s f.eks artiklen p\u00e5 Netavisen P77.dk \u00a0<a href=\"http:\/\/p77.dk\/component\/k2\/587\/konservativ-toppolitiker-valgte-at-sta-sammen-med-nynazister\" target=\"_blank\" rel=\"noopener noreferrer\"><span style=\"text-decoration: underline;\">Netavisen P77.dk &#8211; \/\/p77.dk\/konservativ-toppolitiker-valgte-at-sta-sammen-med-nynazister<\/span><\/a><\/p>\n<p>Flot -Siger jeg bare -men m\u00e5ske er det en videref\u00f8relse af en ny-konservativ mode med historiske aner.<\/p>\n<p>F.eks. skriver Per Holm Knudsen, som en kommentar til en artikel i Information 19.01.2011<br \/>\n-Rasmus Jarlov tr\u00e6der i dag i Information i karakter som totalit\u00e6r p\u00e5 lige fod med Hizb-ut-Tahrir.<\/p>\n<p>Noget tyder p\u00e5, at Rasmus Jarlov ligefrem konkurrerer med Hizb-ut-Tahrir om at v\u00e6re mest utr\u00e6r og totalit\u00e6r, n\u00e5r han siger<\/p>\n<p>-Jeg er ligeglad med, om de er lovlige, det er med interesse, at jeg ser p\u00e5, at vi har mulighed for at forhindre, at offentlige lokaler bliver brugt p\u00e5 at ytre hadske budskaber.<\/p>\n<p>-S\u00e5dan taler en \u00e6gte totalit\u00e6r og antidemokrat, man fristes n\u00e6sten til at sige: Fascistoid.<br \/>\nDet kan dog ikke undre, n\u00e5r man ser andre af&#8230;<\/p>\n<p>Reference<br \/>\nNetavisen P77.dk<br \/>\nHjemmesiden \/\/psyx.blogspot.com \/2011\/01\/rasmus-jarlov-og-hizb-ut-tahrir.<\/p>\n<p><a href=\"https:\/\/df-nyt.dk\/wp-content\/uploads\/2011\/01\/150920192038.png\" target=\"_blank\" rel=\"noopener noreferrer\"><span style=\"text-decoration: underline;\"> \/\/Snapshot_19_januar_2011_kan_ses_her<\/span><\/a><\/p>\n","protected":false},"excerpt":{"rendered":"<p>Konservativ hykler og antidemokrat, Rasmus Jarlov Under en overskrift som -Rasmus Jarlov og Hizb-ut-Tahrir -kan man l\u00e6se Per Holm Knudsens uforbeholdende mening, -p\u00e5 hans hjemmeside, \/\/psyx.blogspot.com Det er bestemt ikke noget k\u00f8nt syn, mit \u00f8je m\u00e5 skue, og det begynder sandelig ogs\u00e5 at rive lidt i n\u00e6sen efter det Konservative folketingsmedlem Helge Adam M\u00f8llers heroiske [&hellip;]<\/p>\n","protected":false},"author":10,"featured_media":0,"comment_status":"open","ping_status":"closed","sticky":false,"template":"","format":"standard","meta":{"footnotes":""},"categories":[1],"tags":[],"class_list":["post-15886","post","type-post","status-publish","format-standard","hentry","category-df-nyt-dk"],"_links":{"self":[{"href":"https:\/\/df-nyt.dk\/blog\/wp-json\/wp\/v2\/posts\/15886","targetHints":{"allow":["GET"]}}],"collection":[{"href":"https:\/\/df-nyt.dk\/blog\/wp-json\/wp\/v2\/posts"}],"about":[{"href":"https:\/\/df-nyt.dk\/blog\/wp-json\/wp\/v2\/types\/post"}],"author":[{"embeddable":true,"href":"https:\/\/df-nyt.dk\/blog\/wp-json\/wp\/v2\/users\/10"}],"replies":[{"embeddable":true,"href":"https:\/\/df-nyt.dk\/blog\/wp-json\/wp\/v2\/comments?post=15886"}],"version-history":[{"count":5,"href":"https:\/\/df-nyt.dk\/blog\/wp-json\/wp\/v2\/posts\/15886\/revisions"}],"predecessor-version":[{"id":106048,"href":"https:\/\/df-nyt.dk\/blog\/wp-json\/wp\/v2\/posts\/15886\/revisions\/106048"}],"wp:attachment":[{"href":"https:\/\/df-nyt.dk\/blog\/wp-json\/wp\/v2\/media?parent=15886"}],"wp:term":[{"taxonomy":"category","embeddable":true,"href":"https:\/\/df-nyt.dk\/blog\/wp-json\/wp\/v2\/categories?post=15886"},{"taxonomy":"post_tag","embeddable":true,"href":"https:\/\/df-nyt.dk\/blog\/wp-json\/wp\/v2\/tags?post=15886"}],"curies":[{"name":"wp","href":"https:\/\/api.w.org\/{rel}","templated":true}]}}